{"id":629,"date":"2020-10-19T11:00:39","date_gmt":"2020-10-19T09:00:39","guid":{"rendered":"http:\/\/radiomaria.com.pl\/?p=629"},"modified":"2026-01-14T18:27:21","modified_gmt":"2026-01-14T17:27:21","slug":"poscasty","status":"publish","type":"post","link":"http:\/\/radiomaria.com.pl\/?p=629","title":{"rendered":"PODCASTY"},"content":{"rendered":"\n<p><\/p>\n\n\n\n<figure class=\"wp-block-gallery has-nested-images columns-default is-cropped wp-block-gallery-1 is-layout-flex wp-block-gallery-is-layout-flex\">\n<figure class=\"wp-block-image size-large\"><img loading=\"lazy\" decoding=\"async\" width=\"536\" height=\"954\" data-id=\"18198\" src=\"http:\/\/radiomaria.com.pl\/wp-content\/uploads\/2026\/01\/MareguGreka.jpg\" alt=\"\" class=\"wp-image-18198\" srcset=\"http:\/\/radiomaria.com.pl\/wp-content\/uploads\/2026\/01\/MareguGreka.jpg 536w, http:\/\/radiomaria.com.pl\/wp-content\/uploads\/2026\/01\/MareguGreka-169x300.jpg 169w\" sizes=\"auto, (max-width: 536px) 100vw, 536px\" \/><figcaption class=\"wp-element-caption\"><a href=\"http:\/\/radiomaria.com.pl\/wp-content\/uploads\/2026\/01\/10.01.2026.U-Greka.mp3\">Z Markiem u Greka &#8211; <img loading=\"lazy\" decoding=\"async\" width=\"28\" height=\"28\" class=\"wp-image-3476\" style=\"width: 28px;\" src=\"http:\/\/radiomaria.com.pl\/wp-content\/uploads\/2021\/08\/play-mikro.png\" alt=\"\"> Urodziny Dorotki<\/a><\/figcaption><\/figure>\n<\/figure>\n\n\n\n<figure class=\"wp-block-gallery has-nested-images columns-default is-cropped wp-block-gallery-2 is-layout-flex wp-block-gallery-is-layout-flex\">\n<figure class=\"wp-block-image size-large\"><img loading=\"lazy\" decoding=\"async\" width=\"987\" height=\"315\" data-id=\"12529\" src=\"http:\/\/radiomaria.com.pl\/wp-content\/uploads\/2024\/01\/Wody-gruntowe.jpg\" alt=\"\" class=\"wp-image-12529\" srcset=\"http:\/\/radiomaria.com.pl\/wp-content\/uploads\/2024\/01\/Wody-gruntowe.jpg 987w, http:\/\/radiomaria.com.pl\/wp-content\/uploads\/2024\/01\/Wody-gruntowe-300x96.jpg 300w, http:\/\/radiomaria.com.pl\/wp-content\/uploads\/2024\/01\/Wody-gruntowe-768x245.jpg 768w\" sizes=\"auto, (max-width: 987px) 100vw, 987px\" \/><figcaption class=\"wp-element-caption\"><a href=\"http:\/\/radiomaria.com.pl\/wp-content\/uploads\/2023\/03\/26.01.Poziom-wod-gruntowych.mp3\">Poziom w\u00f3d gruntowych w Polsce w latach<\/a> <a href=\"http:\/\/radiomaria.com.pl\/wp-content\/uploads\/2023\/03\/26.01.Poziom-wod-gruntowych.mp3\"><img loading=\"lazy\" decoding=\"async\" width=\"28\" height=\"28\" class=\"wp-image-3476\" style=\"width: 28px;\" src=\"http:\/\/radiomaria.com.pl\/wp-content\/uploads\/2021\/08\/play-mikro.png\" alt=\"\"><\/a><\/figcaption><\/figure>\n<\/figure>\n\n\n\n<p><\/p>\n\n\n\n<figure class=\"wp-block-gallery has-nested-images columns-default is-cropped wp-block-gallery-3 is-layout-flex wp-block-gallery-is-layout-flex\">\n<figure class=\"wp-block-image size-large\"><a href=\"http:\/\/radiomaria.com.pl\/wp-content\/uploads\/2024\/01\/Sylwester-dzwoni-Franek.mp3\"><img loading=\"lazy\" decoding=\"async\" width=\"442\" height=\"983\" data-id=\"12473\" src=\"http:\/\/radiomaria.com.pl\/wp-content\/uploads\/2020\/10\/Sylwester2023maly.jpg\" alt=\"\" class=\"wp-image-12473\" srcset=\"http:\/\/radiomaria.com.pl\/wp-content\/uploads\/2020\/10\/Sylwester2023maly.jpg 442w, http:\/\/radiomaria.com.pl\/wp-content\/uploads\/2020\/10\/Sylwester2023maly-135x300.jpg 135w\" sizes=\"auto, (max-width: 442px) 100vw, 442px\" \/><\/a><figcaption class=\"wp-element-caption\">Wybrane fragmenty tej audycji: <a href=\"http:\/\/radiomaria.com.pl\/wp-content\/uploads\/2024\/01\/Sylwester-2023-poczatek.mp3\" data-type=\"link\" data-id=\"http:\/\/radiomaria.com.pl\/wp-content\/uploads\/2024\/01\/Sylwester-2023-poczatek.mp3\">Pocz\u0105tek<\/a> <a href=\"http:\/\/radiomaria.com.pl\/wp-content\/uploads\/2024\/01\/Sylwester-2023-poczatek.mp3\"><img loading=\"lazy\" decoding=\"async\" width=\"28\" height=\"28\" class=\"wp-image-3476\" style=\"width: 28px;\" src=\"http:\/\/radiomaria.com.pl\/wp-content\/uploads\/2021\/08\/play-mikro.png\" alt=\"\"><\/a>, <a href=\"http:\/\/radiomaria.com.pl\/wp-content\/uploads\/2024\/01\/Sylwester-dzwoni-Pawel.mp3\">Dzwoni Pawe\u0142<\/a> <a href=\"http:\/\/radiomaria.com.pl\/wp-content\/uploads\/2024\/01\/Sylwester-dzwoni-Pawel.mp3\"><img loading=\"lazy\" decoding=\"async\" width=\"28\" height=\"28\" class=\"wp-image-3476\" style=\"width: 28px;\" src=\"http:\/\/radiomaria.com.pl\/wp-content\/uploads\/2021\/08\/play-mikro.png\" alt=\"\"><\/a>, <a href=\"http:\/\/radiomaria.com.pl\/wp-content\/uploads\/2024\/01\/Dla-Basi.mp3\">Dla Basi<\/a> <a href=\"http:\/\/radiomaria.com.pl\/wp-content\/uploads\/2024\/01\/Dla-Basi.mp3\"><img loading=\"lazy\" decoding=\"async\" width=\"28\" height=\"28\" class=\"wp-image-3476\" style=\"width: 28px;\" src=\"http:\/\/radiomaria.com.pl\/wp-content\/uploads\/2021\/08\/play-mikro.png\" alt=\"\"><\/a>, <a href=\"http:\/\/radiomaria.com.pl\/wp-content\/uploads\/2024\/01\/Sylwester-Piotr-i-Justyna.mp3\">Piotr i Justyna<\/a> <a href=\"http:\/\/radiomaria.com.pl\/wp-content\/uploads\/2024\/01\/Sylwester-Piotr-i-Justyna.mp3\"><img loading=\"lazy\" decoding=\"async\" width=\"28\" height=\"28\" class=\"wp-image-3476\" style=\"width: 28px;\" src=\"http:\/\/radiomaria.com.pl\/wp-content\/uploads\/2021\/08\/play-mikro.png\" alt=\"\"><\/a>, <a href=\"http:\/\/radiomaria.com.pl\/wp-content\/uploads\/2024\/01\/Sylwester-Polnoc.mp3\">P\u00f3\u0142noc<\/a> <a href=\"http:\/\/radiomaria.com.pl\/wp-content\/uploads\/2024\/01\/Sylwester-Polnoc.mp3\"><img loading=\"lazy\" decoding=\"async\" width=\"28\" height=\"28\" class=\"wp-image-3476\" style=\"width: 28px;\" src=\"http:\/\/radiomaria.com.pl\/wp-content\/uploads\/2021\/08\/play-mikro.png\" alt=\"\"><\/a>, <a href=\"http:\/\/radiomaria.com.pl\/wp-content\/uploads\/2024\/01\/Sylwester-dzwoni-Franek.mp3\">Dzwoni \u201eFranek\u201d<\/a> <a href=\"http:\/\/radiomaria.com.pl\/wp-content\/uploads\/2024\/01\/Sylwester-dzwoni-Franek.mp3\"><img loading=\"lazy\" decoding=\"async\" width=\"28\" height=\"28\" class=\"wp-image-3476\" style=\"width: 28px;\" src=\"http:\/\/radiomaria.com.pl\/wp-content\/uploads\/2021\/08\/play-mikro.png\" alt=\"\"><\/a>.<br><audio src=\"http:\/\/radiomaria.com.pl\/wp-content\/uploads\/2024\/01\/Sylwester-2023-poczatek.mp3\"><\/audio><br><\/figcaption><\/figure>\n<\/figure>\n\n\n\n<figure class=\"wp-block-gallery has-nested-images columns-default is-cropped wp-block-gallery-4 is-layout-flex wp-block-gallery-is-layout-flex\">\n<figure class=\"wp-block-image size-large\"><img loading=\"lazy\" decoding=\"async\" width=\"978\" height=\"394\" data-id=\"5714\" src=\"http:\/\/radiomaria.com.pl\/wp-content\/uploads\/2020\/10\/Rzezmaly.jpg\" alt=\"\" class=\"wp-image-5714\" srcset=\"http:\/\/radiomaria.com.pl\/wp-content\/uploads\/2020\/10\/Rzezmaly.jpg 978w, http:\/\/radiomaria.com.pl\/wp-content\/uploads\/2020\/10\/Rzezmaly-300x121.jpg 300w, http:\/\/radiomaria.com.pl\/wp-content\/uploads\/2020\/10\/Rzezmaly-768x309.jpg 768w\" sizes=\"auto, (max-width: 978px) 100vw, 978px\" \/><figcaption class=\"wp-element-caption\">Rze\u017a galicyjska 1846 rok. Odcinki 1 <a href=\"http:\/\/radiomaria.com.pl\/wp-content\/uploads\/2022\/02\/Leszek-Midura-wstep-do-wywiadu.mp3\"><img loading=\"lazy\" decoding=\"async\" width=\"28\" height=\"28\" class=\"wp-image-3476\" style=\"width: 28px;\" src=\"http:\/\/radiomaria.com.pl\/wp-content\/uploads\/2021\/08\/play-mikro.png\" alt=\"\"><\/a> 2 <a href=\"http:\/\/radiomaria.com.pl\/wp-content\/uploads\/2022\/02\/Leszek-Midura-odcinek-2.mp3\"><img loading=\"lazy\" decoding=\"async\" width=\"28\" height=\"28\" class=\"wp-image-3476\" style=\"width: 28px;\" src=\"http:\/\/radiomaria.com.pl\/wp-content\/uploads\/2021\/08\/play-mikro.png\" alt=\"\"><\/a> 3 <a href=\"http:\/\/radiomaria.com.pl\/wp-content\/uploads\/2022\/03\/Leszek-Midura-odcinek-trzeci.mp3\"><img loading=\"lazy\" decoding=\"async\" width=\"28\" height=\"28\" class=\"wp-image-3476\" style=\"width: 28px;\" src=\"http:\/\/radiomaria.com.pl\/wp-content\/uploads\/2021\/08\/play-mikro.png\" alt=\"\"><\/a> 4 <a href=\"http:\/\/radiomaria.com.pl\/wp-content\/uploads\/2022\/04\/Leszek-Midura4.mp3\"><img loading=\"lazy\" decoding=\"async\" width=\"28\" height=\"28\" class=\"wp-image-3476\" style=\"width: 28px;\" src=\"http:\/\/radiomaria.com.pl\/wp-content\/uploads\/2021\/08\/play-mikro.png\" alt=\"\"><\/a> 5 <a href=\"http:\/\/radiomaria.com.pl\/wp-content\/uploads\/2022\/05\/Leszek-Midura5.mp3\"><img loading=\"lazy\" decoding=\"async\" width=\"28\" height=\"28\" class=\"wp-image-3476\" style=\"width: 28px;\" src=\"http:\/\/radiomaria.com.pl\/wp-content\/uploads\/2021\/08\/play-mikro.png\" alt=\"\"><\/a> 6 <a href=\"http:\/\/radiomaria.com.pl\/wp-content\/uploads\/2022\/05\/Leszek-Midura6.mp3\"><img loading=\"lazy\" decoding=\"async\" width=\"28\" height=\"28\" class=\"wp-image-3476\" style=\"width: 28px;\" src=\"http:\/\/radiomaria.com.pl\/wp-content\/uploads\/2021\/08\/play-mikro.png\" alt=\"\"><\/a> 7 <a href=\"http:\/\/radiomaria.com.pl\/wp-content\/uploads\/2022\/06\/Leszek-Midura7.mp3\"><img loading=\"lazy\" decoding=\"async\" width=\"28\" height=\"28\" class=\"wp-image-3476\" style=\"width: 28px;\" src=\"http:\/\/radiomaria.com.pl\/wp-content\/uploads\/2021\/08\/play-mikro.png\" alt=\"\"><\/a><\/figcaption><\/figure>\n<\/figure>\n\n\n\n<figure class=\"wp-block-gallery has-nested-images columns-default is-cropped wp-block-gallery-5 is-layout-flex wp-block-gallery-is-layout-flex\">\n<figure class=\"wp-block-image size-large\"><img loading=\"lazy\" decoding=\"async\" width=\"474\" height=\"316\" data-id=\"8426\" src=\"http:\/\/radiomaria.com.pl\/wp-content\/uploads\/2022\/11\/Mysl-Paderewskiefgo.jpg\" alt=\"\" class=\"wp-image-8426\" srcset=\"http:\/\/radiomaria.com.pl\/wp-content\/uploads\/2022\/11\/Mysl-Paderewskiefgo.jpg 474w, http:\/\/radiomaria.com.pl\/wp-content\/uploads\/2022\/11\/Mysl-Paderewskiefgo-300x200.jpg 300w\" sizes=\"auto, (max-width: 474px) 100vw, 474px\" \/><figcaption class=\"wp-element-caption\"><a href=\"http:\/\/radiomaria.com.pl\/wp-content\/uploads\/2022\/11\/Dzien-Niepodleglosci-Mielec-Skwer-I.J.-Paderewskiego-2022.mp3\">\u015awi\u0119to Niepodleg\u0142o\u015bci <img loading=\"lazy\" decoding=\"async\" width=\"28\" height=\"28\" class=\"wp-image-3476\" style=\"width: 28px;\" src=\"http:\/\/radiomaria.com.pl\/wp-content\/uploads\/2021\/08\/play-mikro.png\" alt=\"\"> Mielec 2022<\/a><\/figcaption><\/figure>\n\n\n\n<figure class=\"wp-block-image size-large\"><img loading=\"lazy\" decoding=\"async\" width=\"740\" height=\"416\" data-id=\"8404\" src=\"http:\/\/radiomaria.com.pl\/wp-content\/uploads\/2022\/11\/rechot.jpg\" alt=\"\" class=\"wp-image-8404\" srcset=\"http:\/\/radiomaria.com.pl\/wp-content\/uploads\/2022\/11\/rechot.jpg 740w, http:\/\/radiomaria.com.pl\/wp-content\/uploads\/2022\/11\/rechot-300x169.jpg 300w\" sizes=\"auto, (max-width: 740px) 100vw, 740px\" \/><figcaption class=\"wp-element-caption\"><a href=\"http:\/\/radiomaria.com.pl\/wp-content\/uploads\/2022\/11\/Pytania-do-Frania-o-dawaniu-w-szyje.mp3\">Pytania do \u201eFrania\u201d <img loading=\"lazy\" decoding=\"async\" width=\"28\" height=\"28\" class=\"wp-image-3476\" style=\"width: 28px;\" src=\"http:\/\/radiomaria.com.pl\/wp-content\/uploads\/2021\/08\/play-mikro.png\" alt=\"\"> czy rechot sali po s\u0142owach Jaros\u0142awa Kaczy\u0144skiego \u2013 to co\u015b \u015bmiesznego?<\/a><\/figcaption><\/figure>\n<\/figure>\n\n\n\n<figure class=\"wp-block-gallery has-nested-images columns-default is-cropped wp-block-gallery-6 is-layout-flex wp-block-gallery-is-layout-flex\">\n<figure class=\"wp-block-image size-large\"><img loading=\"lazy\" decoding=\"async\" width=\"960\" height=\"463\" data-id=\"6877\" src=\"http:\/\/radiomaria.com.pl\/wp-content\/uploads\/2022\/06\/obraz-ostatnia-wieczerza-leonardo-da-vinci.png\" alt=\"\" class=\"wp-image-6877\" srcset=\"http:\/\/radiomaria.com.pl\/wp-content\/uploads\/2022\/06\/obraz-ostatnia-wieczerza-leonardo-da-vinci.png 960w, http:\/\/radiomaria.com.pl\/wp-content\/uploads\/2022\/06\/obraz-ostatnia-wieczerza-leonardo-da-vinci-300x145.png 300w, http:\/\/radiomaria.com.pl\/wp-content\/uploads\/2022\/06\/obraz-ostatnia-wieczerza-leonardo-da-vinci-768x370.png 768w\" sizes=\"auto, (max-width: 960px) 100vw, 960px\" \/><figcaption class=\"wp-element-caption\"><a href=\"http:\/\/radiomaria.com.pl\/wp-content\/uploads\/2022\/06\/Pytania-do-frania-Ostatnia-wieczerza.mp3\">Pytania do &#8222;Frania&#8221; &#8211; <img loading=\"lazy\" decoding=\"async\" width=\"28\" height=\"28\" class=\"wp-image-3476\" style=\"width: 28px;\" src=\"http:\/\/radiomaria.com.pl\/wp-content\/uploads\/2021\/08\/play-mikro.png\" alt=\"\"> Ostatnia wieczerza<\/a><\/figcaption><\/figure>\n\n\n\n<figure class=\"wp-block-image size-large\"><img loading=\"lazy\" decoding=\"async\" width=\"800\" height=\"800\" data-id=\"6524\" src=\"http:\/\/radiomaria.com.pl\/wp-content\/uploads\/2022\/05\/5448-jasna-gora-plakat-z-serii-polska-r-kaja.jpg\" alt=\"\" class=\"wp-image-6524\" srcset=\"http:\/\/radiomaria.com.pl\/wp-content\/uploads\/2022\/05\/5448-jasna-gora-plakat-z-serii-polska-r-kaja.jpg 800w, http:\/\/radiomaria.com.pl\/wp-content\/uploads\/2022\/05\/5448-jasna-gora-plakat-z-serii-polska-r-kaja-300x300.jpg 300w, http:\/\/radiomaria.com.pl\/wp-content\/uploads\/2022\/05\/5448-jasna-gora-plakat-z-serii-polska-r-kaja-150x150.jpg 150w, http:\/\/radiomaria.com.pl\/wp-content\/uploads\/2022\/05\/5448-jasna-gora-plakat-z-serii-polska-r-kaja-768x768.jpg 768w\" sizes=\"auto, (max-width: 800px) 100vw, 800px\" \/><figcaption class=\"wp-element-caption\">Pytania do &#8222;Frania&#8221; &#8211; Matka Boska Cz\u0119stochowska<br><a href=\"http:\/\/radiomaria.com.pl\/wp-content\/uploads\/2022\/06\/Pytania-do-Frania-Plakat.mp3\">cz\u0119\u015b\u0107 pierwsza <img loading=\"lazy\" decoding=\"async\" width=\"28\" height=\"28\" class=\"wp-image-3476\" style=\"width: 28px;\" src=\"http:\/\/radiomaria.com.pl\/wp-content\/uploads\/2021\/08\/play-mikro.png\" alt=\"\"><\/a><br><a href=\"http:\/\/radiomaria.com.pl\/wp-content\/uploads\/2022\/06\/Pytania-do-Frania-Jasna-Gora-II.mp3\">cz\u0119\u015b\u0107 druga <img loading=\"lazy\" decoding=\"async\" width=\"28\" height=\"28\" class=\"wp-image-3476\" style=\"width: 28px;\" src=\"http:\/\/radiomaria.com.pl\/wp-content\/uploads\/2021\/08\/play-mikro.png\" alt=\"\"><\/a><\/figcaption><\/figure>\n<\/figure>\n\n\n\n<figure class=\"wp-block-gallery has-nested-images columns-default is-cropped wp-block-gallery-7 is-layout-flex wp-block-gallery-is-layout-flex\">\n<figure class=\"wp-block-image size-large\"><img loading=\"lazy\" decoding=\"async\" width=\"840\" height=\"450\" data-id=\"6231\" src=\"http:\/\/radiomaria.com.pl\/wp-content\/uploads\/2022\/04\/Smolenska-k-840x450-1.jpg\" alt=\"\" class=\"wp-image-6231\" srcset=\"http:\/\/radiomaria.com.pl\/wp-content\/uploads\/2022\/04\/Smolenska-k-840x450-1.jpg 840w, http:\/\/radiomaria.com.pl\/wp-content\/uploads\/2022\/04\/Smolenska-k-840x450-1-300x161.jpg 300w, http:\/\/radiomaria.com.pl\/wp-content\/uploads\/2022\/04\/Smolenska-k-840x450-1-768x411.jpg 768w\" sizes=\"auto, (max-width: 840px) 100vw, 840px\" \/><figcaption class=\"wp-element-caption\"><a href=\"http:\/\/radiomaria.com.pl\/wp-content\/uploads\/2022\/04\/Pytania-do-Frania-katastrofa.mp3\">&#8222;Franek&#8221; i katastrofa <img loading=\"lazy\" decoding=\"async\" width=\"28\" height=\"28\" class=\"wp-image-3476\" style=\"width: 28px;\" src=\"http:\/\/radiomaria.com.pl\/wp-content\/uploads\/2021\/08\/play-mikro.png\" alt=\"\"> smole\u0144ska (10.04.2010.)<\/a><\/figcaption><\/figure>\n\n\n\n<figure class=\"wp-block-image size-large\"><img loading=\"lazy\" decoding=\"async\" width=\"600\" height=\"484\" data-id=\"6298\" src=\"http:\/\/radiomaria.com.pl\/wp-content\/uploads\/2022\/04\/SAMOLOT-KATASTROFA-W-GIBRALTARZE.jpg\" alt=\"\" class=\"wp-image-6298\" srcset=\"http:\/\/radiomaria.com.pl\/wp-content\/uploads\/2022\/04\/SAMOLOT-KATASTROFA-W-GIBRALTARZE.jpg 600w, http:\/\/radiomaria.com.pl\/wp-content\/uploads\/2022\/04\/SAMOLOT-KATASTROFA-W-GIBRALTARZE-300x242.jpg 300w\" sizes=\"auto, (max-width: 600px) 100vw, 600px\" \/><figcaption class=\"wp-element-caption\"><a href=\"http:\/\/radiomaria.com.pl\/wp-content\/uploads\/2022\/04\/Franeko0Sosnkowskim.mp3\">&#8222;Franek&#8221; i katastrofa <img loading=\"lazy\" decoding=\"async\" width=\"28\" height=\"28\" class=\"wp-image-3476\" style=\"width: 28px;\" src=\"http:\/\/radiomaria.com.pl\/wp-content\/uploads\/2021\/08\/play-mikro.png\" alt=\"\"> giblartarska (02.07.1943.)<\/a><\/figcaption><\/figure>\n<\/figure>\n\n\n\n<figure class=\"wp-block-gallery has-nested-images columns-default is-cropped wp-block-gallery-8 is-layout-flex wp-block-gallery-is-layout-flex\">\n<figure class=\"wp-block-image size-large\"><img loading=\"lazy\" decoding=\"async\" width=\"300\" height=\"476\" data-id=\"5577\" src=\"http:\/\/radiomaria.com.pl\/wp-content\/uploads\/2022\/02\/Wojciechj.jpg\" alt=\"\" class=\"wp-image-5577\" srcset=\"http:\/\/radiomaria.com.pl\/wp-content\/uploads\/2022\/02\/Wojciechj.jpg 300w, http:\/\/radiomaria.com.pl\/wp-content\/uploads\/2022\/02\/Wojciechj-189x300.jpg 189w\" sizes=\"auto, (max-width: 300px) 100vw, 300px\" \/><figcaption class=\"wp-element-caption\"><a href=\"http:\/\/radiomaria.com.pl\/wp-content\/uploads\/2022\/02\/Pytaniado-Frania-general-Jaruzelski.mp3\">Pytania do \u201eFrania\u201d \u2013 <img loading=\"lazy\" decoding=\"async\" width=\"28\" height=\"28\" class=\"wp-image-3476\" style=\"width: 28px;\" src=\"http:\/\/radiomaria.com.pl\/wp-content\/uploads\/2021\/08\/play-mikro.png\" alt=\"\"> o generale Wojciechu Jaruzelskim rozmawiamy<\/a><\/figcaption><\/figure>\n\n\n\n<figure class=\"wp-block-image size-large\"><img loading=\"lazy\" decoding=\"async\" width=\"1024\" height=\"614\" data-id=\"1449\" src=\"http:\/\/radiomaria.com.pl\/wp-content\/uploads\/2020\/10\/Franek-1-1024x614.jpg\" alt=\"\" class=\"wp-image-1449\" srcset=\"http:\/\/radiomaria.com.pl\/wp-content\/uploads\/2020\/10\/Franek-1-1024x614.jpg 1024w, http:\/\/radiomaria.com.pl\/wp-content\/uploads\/2020\/10\/Franek-1-300x180.jpg 300w, http:\/\/radiomaria.com.pl\/wp-content\/uploads\/2020\/10\/Franek-1-768x460.jpg 768w, http:\/\/radiomaria.com.pl\/wp-content\/uploads\/2020\/10\/Franek-1.jpg 1143w\" sizes=\"auto, (max-width: 1024px) 100vw, 1024px\" \/><figcaption class=\"wp-element-caption\"><a href=\"http:\/\/radiomaria.com.pl\/wp-content\/uploads\/2022\/02\/Pytania-do-Frania-o-sposob-wybuerania.mp3\">KOLEJNA <img loading=\"lazy\" decoding=\"async\" width=\"28\" height=\"28\" class=\"wp-image-3476\" style=\"width: 28px;\" src=\"http:\/\/radiomaria.com.pl\/wp-content\/uploads\/2021\/08\/play-mikro.png\" alt=\"\"> ROZSMOWA Z FRANKIEM<\/a><\/figcaption><\/figure>\n<\/figure>\n\n\n\n<figure class=\"wp-block-gallery has-nested-images columns-default is-cropped wp-block-gallery-9 is-layout-flex wp-block-gallery-is-layout-flex\">\n<figure class=\"wp-block-image size-large\"><img loading=\"lazy\" decoding=\"async\" width=\"536\" height=\"757\" data-id=\"4662\" src=\"http:\/\/radiomaria.com.pl\/wp-content\/uploads\/2021\/10\/Franeka.jpg\" alt=\"\" class=\"wp-image-4662\" srcset=\"http:\/\/radiomaria.com.pl\/wp-content\/uploads\/2021\/10\/Franeka.jpg 536w, http:\/\/radiomaria.com.pl\/wp-content\/uploads\/2021\/10\/Franeka-212x300.jpg 212w\" sizes=\"auto, (max-width: 536px) 100vw, 536px\" \/><figcaption class=\"wp-element-caption\"><a href=\"http:\/\/radiomaria.com.pl\/wp-content\/uploads\/2021\/10\/Pytania-do-Frania-karma.mp3\">Pytania do \u201eFrania\u201d <img loading=\"lazy\" decoding=\"async\" width=\"28\" height=\"28\" class=\"wp-image-3476\" style=\"width: 28px;\" src=\"http:\/\/radiomaria.com.pl\/wp-content\/uploads\/2021\/08\/play-mikro.png\" alt=\"\">  \u2013 karma wraca.<\/a><\/figcaption><\/figure>\n\n\n\n<figure class=\"wp-block-image size-large\"><img loading=\"lazy\" decoding=\"async\" width=\"800\" height=\"329\" data-id=\"4852\" src=\"http:\/\/radiomaria.com.pl\/wp-content\/uploads\/2021\/11\/palenie-od-gory-zar-na-palenisku.jpg\" alt=\"\" class=\"wp-image-4852\" srcset=\"http:\/\/radiomaria.com.pl\/wp-content\/uploads\/2021\/11\/palenie-od-gory-zar-na-palenisku.jpg 800w, http:\/\/radiomaria.com.pl\/wp-content\/uploads\/2021\/11\/palenie-od-gory-zar-na-palenisku-300x123.jpg 300w, http:\/\/radiomaria.com.pl\/wp-content\/uploads\/2021\/11\/palenie-od-gory-zar-na-palenisku-768x316.jpg 768w\" sizes=\"auto, (max-width: 800px) 100vw, 800px\" \/><figcaption class=\"wp-element-caption\"><a href=\"http:\/\/radiomaria.com.pl\/wp-content\/uploads\/2021\/11\/Palenie-weglem-w-piecach.mp3\">Pytania do \u201eFrania\u201d; <img loading=\"lazy\" decoding=\"async\" width=\"28\" height=\"28\" class=\"wp-image-3476\" style=\"width: 28px;\" src=\"http:\/\/radiomaria.com.pl\/wp-content\/uploads\/2021\/08\/play-mikro.png\" alt=\"\"> Palenie w\u0119glem w piecu centralnego ogrzewania.<\/a><\/figcaption><\/figure>\n<\/figure>\n\n\n\n<figure class=\"wp-block-gallery has-nested-images columns-default is-cropped wp-block-gallery-10 is-layout-flex wp-block-gallery-is-layout-flex\">\n<figure class=\"wp-block-image size-large\"><img loading=\"lazy\" decoding=\"async\" width=\"302\" height=\"402\" data-id=\"4127\" src=\"http:\/\/radiomaria.com.pl\/wp-content\/uploads\/2021\/09\/Stefan_Wyszynski.jpg\" alt=\"\" class=\"wp-image-4127\" srcset=\"http:\/\/radiomaria.com.pl\/wp-content\/uploads\/2021\/09\/Stefan_Wyszynski.jpg 302w, http:\/\/radiomaria.com.pl\/wp-content\/uploads\/2021\/09\/Stefan_Wyszynski-225x300.jpg 225w\" sizes=\"auto, (max-width: 302px) 100vw, 302px\" \/><figcaption class=\"wp-element-caption\"><a href=\"http:\/\/radiomaria.com.pl\/wp-content\/uploads\/2021\/09\/prof.-Miroslaw-Szumilo1a.mp3\">Rozmowa <img loading=\"lazy\" decoding=\"async\" width=\"28\" height=\"28\" class=\"wp-image-3476\" style=\"width: 28px;\" src=\"http:\/\/radiomaria.com.pl\/wp-content\/uploads\/2021\/08\/play-mikro.png\" alt=\"\"> z profesorem Miros\u0142awem Szumi\u0142o.<\/a><\/figcaption><\/figure>\n\n\n\n<figure class=\"wp-block-image size-large\"><img loading=\"lazy\" decoding=\"async\" width=\"240\" height=\"400\" data-id=\"4128\" src=\"http:\/\/radiomaria.com.pl\/wp-content\/uploads\/2021\/09\/RozaCzacka1880.jpg\" alt=\"\" class=\"wp-image-4128\" srcset=\"http:\/\/radiomaria.com.pl\/wp-content\/uploads\/2021\/09\/RozaCzacka1880.jpg 240w, http:\/\/radiomaria.com.pl\/wp-content\/uploads\/2021\/09\/RozaCzacka1880-180x300.jpg 180w\" sizes=\"auto, (max-width: 240px) 100vw, 240px\" \/><figcaption class=\"wp-element-caption\"><a href=\"http:\/\/radiomaria.com.pl\/wp-content\/uploads\/2021\/09\/Beatyfikacja.mp3\">Pytania do \u201eFrania\u201d <img loading=\"lazy\" decoding=\"async\" width=\"28\" height=\"28\" class=\"wp-image-3476\" style=\"width: 28px;\" src=\"http:\/\/radiomaria.com.pl\/wp-content\/uploads\/2021\/08\/play-mikro.png\" alt=\"\">  \u2013  rozmawiamy o beatyfikacji.<\/a><\/figcaption><\/figure>\n<\/figure>\n\n\n\n<figure class=\"wp-block-gallery has-nested-images columns-default is-cropped wp-block-gallery-11 is-layout-flex wp-block-gallery-is-layout-flex\">\n<figure class=\"wp-block-image size-large\"><img loading=\"lazy\" decoding=\"async\" width=\"1024\" height=\"614\" data-id=\"1371\" src=\"http:\/\/radiomaria.com.pl\/wp-content\/uploads\/2020\/10\/Franek-1024x614.jpg\" alt=\"\" class=\"wp-image-1371\" srcset=\"http:\/\/radiomaria.com.pl\/wp-content\/uploads\/2020\/10\/Franek-1024x614.jpg 1024w, http:\/\/radiomaria.com.pl\/wp-content\/uploads\/2020\/10\/Franek-300x180.jpg 300w, http:\/\/radiomaria.com.pl\/wp-content\/uploads\/2020\/10\/Franek-768x460.jpg 768w, http:\/\/radiomaria.com.pl\/wp-content\/uploads\/2020\/10\/Franek.jpg 1143w\" sizes=\"auto, (max-width: 1024px) 100vw, 1024px\" \/><figcaption class=\"wp-element-caption\"><a href=\"http:\/\/radiomaria.com.pl\/wp-content\/uploads\/2021\/08\/Szczepienia-do-podcastow-1.mp3\">Pytania do Frania <img loading=\"lazy\" decoding=\"async\" width=\"28\" height=\"28\" class=\"wp-image-3476\" style=\"width: 28px;\" src=\"http:\/\/radiomaria.com.pl\/wp-content\/uploads\/2021\/08\/play-mikro.png\" alt=\"\"> &#8211; rozmawiamy o szczepieniach<\/a><\/figcaption><\/figure>\n\n\n\n<figure class=\"wp-block-image size-large\"><img loading=\"lazy\" decoding=\"async\" width=\"1024\" height=\"680\" data-id=\"1675\" src=\"http:\/\/radiomaria.com.pl\/wp-content\/uploads\/2021\/03\/Mawaszi-1024x680.jpg\" alt=\"\" class=\"wp-image-1675\" srcset=\"http:\/\/radiomaria.com.pl\/wp-content\/uploads\/2021\/03\/Mawaszi-1024x680.jpg 1024w, http:\/\/radiomaria.com.pl\/wp-content\/uploads\/2021\/03\/Mawaszi-300x199.jpg 300w, http:\/\/radiomaria.com.pl\/wp-content\/uploads\/2021\/03\/Mawaszi-768x510.jpg 768w, http:\/\/radiomaria.com.pl\/wp-content\/uploads\/2021\/03\/Mawaszi.jpg 1072w\" sizes=\"auto, (max-width: 1024px) 100vw, 1024px\" \/><figcaption class=\"wp-element-caption\"><a href=\"http:\/\/radiomaria.com.pl\/wp-content\/uploads\/2021\/08\/Franek.mp3\">Kolejna <img loading=\"lazy\" decoding=\"async\" width=\"28\" height=\"28\" class=\"wp-image-3476\" style=\"width: 28px;\" src=\"http:\/\/radiomaria.com.pl\/wp-content\/uploads\/2021\/08\/play-mikro.png\" alt=\"\"> cz\u0119\u015b\u0107 rozmowy z Frankiem o szczepieniach<\/a><\/figcaption><\/figure>\n<\/figure>\n\n\n\n<h2 class=\"wp-block-heading\">Rehabilitacja Wincentego Witosa.<\/h2>\n\n\n\n<figure class=\"wp-block-gallery has-nested-images columns-default is-cropped wp-block-gallery-12 is-layout-flex wp-block-gallery-is-layout-flex\">\n<figure class=\"wp-block-image size-large\"><img loading=\"lazy\" decoding=\"async\" width=\"640\" height=\"480\" data-id=\"3098\" src=\"http:\/\/radiomaria.com.pl\/wp-content\/uploads\/2021\/07\/wiacek.jpg\" alt=\"\" class=\"wp-image-3098\" srcset=\"http:\/\/radiomaria.com.pl\/wp-content\/uploads\/2021\/07\/wiacek.jpg 640w, http:\/\/radiomaria.com.pl\/wp-content\/uploads\/2021\/07\/wiacek-300x225.jpg 300w\" sizes=\"auto, (max-width: 640px) 100vw, 640px\" \/><figcaption class=\"wp-element-caption\">Kombinacje <a href=\"http:\/\/radiomaria.com.pl\/wp-content\/uploads\/2021\/07\/Rzecznik-Praw-Obywatelskich-ab.mp3\"><img loading=\"lazy\" decoding=\"async\" width=\"28\" height=\"28\" class=\"wp-image-3476\" style=\"width: 28px;\" src=\"http:\/\/radiomaria.com.pl\/wp-content\/uploads\/2021\/08\/play-mikro.png\" alt=\"\"><\/a>  prowadz\u0105 do celu.<\/figcaption><\/figure>\n\n\n\n<figure class=\"wp-block-image size-large\"><img loading=\"lazy\" decoding=\"async\" width=\"823\" height=\"643\" data-id=\"3231\" src=\"http:\/\/radiomaria.com.pl\/wp-content\/uploads\/2020\/10\/Lawa_oskarzonych_proces_brzeski.jpg\" alt=\"\" class=\"wp-image-3231\" srcset=\"http:\/\/radiomaria.com.pl\/wp-content\/uploads\/2020\/10\/Lawa_oskarzonych_proces_brzeski.jpg 823w, http:\/\/radiomaria.com.pl\/wp-content\/uploads\/2020\/10\/Lawa_oskarzonych_proces_brzeski-300x234.jpg 300w, http:\/\/radiomaria.com.pl\/wp-content\/uploads\/2020\/10\/Lawa_oskarzonych_proces_brzeski-768x600.jpg 768w\" sizes=\"auto, (max-width: 823px) 100vw, 823px\" \/><figcaption class=\"wp-element-caption\"><a href=\"http:\/\/radiomaria.com.pl\/wp-content\/uploads\/2021\/07\/Rozmowa-z-dr.-Janem-Hebda-czesc-druga.mp3\"><strong>Wywiad z dr. Janem Hebd\u0105. Cz\u0119\u015b\u0107 pierwsza.<\/strong>  Cz\u0119\u015b\u0107 druga<\/a> <a href=\"http:\/\/radiomaria.com.pl\/wp-content\/uploads\/2021\/07\/Rozmowa-z-dr.-Janem-Hebda-czesc-druga.mp3\"><img loading=\"lazy\" decoding=\"async\" width=\"28\" height=\"28\" class=\"wp-image-3476\" style=\"width: 28px;\" src=\"http:\/\/radiomaria.com.pl\/wp-content\/uploads\/2021\/08\/play-mikro.png\" alt=\"\"><\/a><\/figcaption><\/figure>\n\n\n\n<figure class=\"wp-block-image size-large\"><img loading=\"lazy\" decoding=\"async\" width=\"746\" height=\"518\" data-id=\"3350\" src=\"http:\/\/radiomaria.com.pl\/wp-content\/uploads\/2021\/07\/proces_brzeski-kop.jpg\" alt=\"\" class=\"wp-image-3350\" srcset=\"http:\/\/radiomaria.com.pl\/wp-content\/uploads\/2021\/07\/proces_brzeski-kop.jpg 746w, http:\/\/radiomaria.com.pl\/wp-content\/uploads\/2021\/07\/proces_brzeski-kop-300x208.jpg 300w\" sizes=\"auto, (max-width: 746px) 100vw, 746px\" \/><figcaption class=\"wp-element-caption\"><a href=\"http:\/\/radiomaria.com.pl\/wp-content\/uploads\/2021\/07\/Doktor-Jan-Hebda-czesc-trzecia.mp3\"> Herman Lieberman, Wincenty Witos, Kazimierz <\/a><a href=\"http:\/\/radiomaria.com.pl\/wp-content\/uploads\/2021\/07\/Rzecznik-Praw-Obywatelskich-ab.mp3\"><img loading=\"lazy\" decoding=\"async\" width=\"28\" height=\"28\" class=\"wp-image-3476\" style=\"width: 28px;\" src=\"http:\/\/radiomaria.com.pl\/wp-content\/uploads\/2021\/08\/play-mikro.png\" alt=\"\"><\/a><a href=\"http:\/\/radiomaria.com.pl\/wp-content\/uploads\/2021\/07\/Doktor-Jan-Hebda-czesc-trzecia.mp3\"> Bagi\u0144ski. Proces Brzeski . Cz\u0119\u015b\u0107 trzecia. <\/a><\/figcaption><\/figure>\n\n\n\n<figure class=\"wp-block-image size-large\"><img loading=\"lazy\" decoding=\"async\" width=\"600\" height=\"450\" data-id=\"3349\" src=\"http:\/\/radiomaria.com.pl\/wp-content\/uploads\/2021\/07\/Twierdza-Brzeska.jpg\" alt=\"\" class=\"wp-image-3349\" srcset=\"http:\/\/radiomaria.com.pl\/wp-content\/uploads\/2021\/07\/Twierdza-Brzeska.jpg 600w, http:\/\/radiomaria.com.pl\/wp-content\/uploads\/2021\/07\/Twierdza-Brzeska-300x225.jpg 300w\" sizes=\"auto, (max-width: 600px) 100vw, 600px\" \/><figcaption class=\"wp-element-caption\"> Cz\u0119\u015b\u0107<a href=\"http:\/\/radiomaria.com.pl\/wp-content\/uploads\/2021\/07\/Czwarta-czesc-rozmowy.mp3\"> <\/a><a href=\"http:\/\/radiomaria.com.pl\/wp-content\/uploads\/2021\/07\/Doktor-Jan-Hebda-czesc-trzecia.mp3\">trzecia<\/a> <a href=\"http:\/\/radiomaria.com.pl\/wp-content\/uploads\/2021\/07\/Doktor-Jan-Hebda-czesc-trzecia.mp3\"><img loading=\"lazy\" decoding=\"async\" width=\"28\" height=\"28\" class=\"wp-image-3476\" style=\"width: 28px;\" src=\"http:\/\/radiomaria.com.pl\/wp-content\/uploads\/2021\/08\/play-mikro.png\" alt=\"\"><\/a> , <a href=\"http:\/\/radiomaria.com.pl\/wp-content\/uploads\/2021\/07\/Czwarta-czesc-rozmowy.mp3\">czwarta<\/a> <a href=\"http:\/\/radiomaria.com.pl\/wp-content\/uploads\/2021\/07\/Czwarta-czesc-rozmowy.mp3\"><img loading=\"lazy\" decoding=\"async\" width=\"28\" height=\"28\" class=\"wp-image-3476\" style=\"width: 28px;\" src=\"http:\/\/radiomaria.com.pl\/wp-content\/uploads\/2021\/08\/play-mikro.png\" alt=\"\"><\/a> i <a href=\"http:\/\/radiomaria.com.pl\/wp-content\/uploads\/2021\/07\/Zakonczenie-wywiadu.mp3\">zako\u0144czenie <img loading=\"lazy\" decoding=\"async\" width=\"28\" height=\"28\" class=\"wp-image-3476\" style=\"width: 28px;\" src=\"http:\/\/radiomaria.com.pl\/wp-content\/uploads\/2021\/08\/play-mikro.png\" alt=\"\"> .<\/a><br>Dwie ostatnie cz\u0119\u015bci wywiadu z dr. Janem Hebd\u0105 &#8211; Twierdza Brzeska.<\/figcaption><\/figure>\n<\/figure>\n\n\n\n<h2 class=\"wp-block-heading\">Wybrane audycje.<\/h2>\n\n\n\n<figure class=\"wp-block-gallery has-nested-images columns-default is-cropped wp-block-gallery-13 is-layout-flex wp-block-gallery-is-layout-flex\">\n<figure class=\"wp-block-image size-large\"><img loading=\"lazy\" decoding=\"async\" width=\"554\" height=\"434\" data-id=\"3080\" src=\"http:\/\/radiomaria.com.pl\/wp-content\/uploads\/2021\/07\/Album-dla-Papieza.png\" alt=\"\" class=\"wp-image-3080\" srcset=\"http:\/\/radiomaria.com.pl\/wp-content\/uploads\/2021\/07\/Album-dla-Papieza.png 554w, http:\/\/radiomaria.com.pl\/wp-content\/uploads\/2021\/07\/Album-dla-Papieza-300x235.png 300w\" sizes=\"auto, (max-width: 554px) 100vw, 554px\" \/><figcaption class=\"wp-element-caption\"><a href=\"http:\/\/radiomaria.com.pl\/wp-content\/uploads\/2021\/07\/Franek-o-nuncjuszu.mp3\">Rozmowa <img loading=\"lazy\" decoding=\"async\" width=\"28\" height=\"28\" class=\"wp-image-3476\" style=\"width: 28px;\" src=\"http:\/\/radiomaria.com.pl\/wp-content\/uploads\/2021\/08\/play-mikro.png\" alt=\"\"> z Frankiem o roli ko\u015bcio\u0142a w polityce.<\/a><\/figcaption><\/figure>\n\n\n\n<figure class=\"wp-block-image size-large\"><img loading=\"lazy\" decoding=\"async\" width=\"575\" height=\"439\" data-id=\"2024\" src=\"http:\/\/radiomaria.com.pl\/wp-content\/uploads\/2021\/04\/Bez-maski-ok.jpg\" alt=\"\" class=\"wp-image-2024\" srcset=\"http:\/\/radiomaria.com.pl\/wp-content\/uploads\/2021\/04\/Bez-maski-ok.jpg 575w, http:\/\/radiomaria.com.pl\/wp-content\/uploads\/2021\/04\/Bez-maski-ok-300x229.jpg 300w\" sizes=\"auto, (max-width: 575px) 100vw, 575px\" \/><figcaption class=\"wp-element-caption\"><a href=\"http:\/\/radiomaria.com.pl\/wp-content\/uploads\/2021\/06\/Franek-historia-1.mp3\"> Franek \u2013 osadzony <img loading=\"lazy\" decoding=\"async\" width=\"28\" height=\"28\" class=\"wp-image-3476\" style=\"width: 28px;\" src=\"http:\/\/radiomaria.com.pl\/wp-content\/uploads\/2021\/08\/play-mikro.png\" alt=\"\"> opowiada jak tam jest. My s\u0142uchamy \u2013 i sk\u0105d\u015b to znamy\u2026<\/a><\/figcaption><\/figure>\n<\/figure>\n\n\n\n<figure class=\"wp-block-gallery has-nested-images columns-default is-cropped wp-block-gallery-14 is-layout-flex wp-block-gallery-is-layout-flex\">\n<figure class=\"wp-block-image size-large\"><img loading=\"lazy\" decoding=\"async\" width=\"640\" height=\"480\" data-id=\"2682\" src=\"http:\/\/radiomaria.com.pl\/wp-content\/uploads\/2021\/06\/Przej\u015bcie.jpg\" alt=\"\" class=\"wp-image-2682\" srcset=\"http:\/\/radiomaria.com.pl\/wp-content\/uploads\/2021\/06\/Przej\u015bcie.jpg 640w, http:\/\/radiomaria.com.pl\/wp-content\/uploads\/2021\/06\/Przej\u015bcie-300x225.jpg 300w\" sizes=\"auto, (max-width: 640px) 100vw, 640px\" \/><figcaption class=\"wp-element-caption\"><a href=\"http:\/\/radiomaria.com.pl\/wp-content\/uploads\/2021\/06\/Pytania-do-Frania-piesi.mp3\">Nasze przej\u015bcia <img loading=\"lazy\" decoding=\"async\" width=\"28\" height=\"28\" class=\"wp-image-3476\" style=\"width: 28px;\" src=\"http:\/\/radiomaria.com.pl\/wp-content\/uploads\/2021\/08\/play-mikro.png\" alt=\"\"> dla pieszych \u2013 zmieniono przepisy. Rozmawiam o tym z osadzonym, kt\u00f3ry  ju\u017c prawie 20 lat nie korzysta\u0142 z przej\u015b\u0107 dla pieszych.<\/a><\/figcaption><\/figure>\n\n\n\n<figure class=\"wp-block-image size-large\"><img loading=\"lazy\" decoding=\"async\" width=\"640\" height=\"480\" data-id=\"2728\" src=\"http:\/\/radiomaria.com.pl\/wp-content\/uploads\/2021\/06\/Uskok.jpg\" alt=\"\" class=\"wp-image-2728\" srcset=\"http:\/\/radiomaria.com.pl\/wp-content\/uploads\/2021\/06\/Uskok.jpg 640w, http:\/\/radiomaria.com.pl\/wp-content\/uploads\/2021\/06\/Uskok-300x225.jpg 300w\" sizes=\"auto, (max-width: 640px) 100vw, 640px\" \/><figcaption class=\"wp-element-caption\"><a href=\"http:\/\/radiomaria.com.pl\/wp-content\/uploads\/2021\/06\/Pytanie-do-Pani-i-Pana.mp3\">Problematyczny <img loading=\"lazy\" decoding=\"async\" width=\"28\" height=\"28\" class=\"wp-image-3476\" style=\"width: 28px;\" src=\"http:\/\/radiomaria.com.pl\/wp-content\/uploads\/2021\/08\/play-mikro.png\" alt=\"\"> spowalniacz \u2013 teraz ju\u017c nie zwalniacz.<\/a><\/figcaption><\/figure>\n<\/figure>\n\n\n\n<figure class=\"wp-block-gallery has-nested-images columns-default is-cropped wp-block-gallery-15 is-layout-flex wp-block-gallery-is-layout-flex\">\n<figure class=\"wp-block-image size-large\"><img loading=\"lazy\" decoding=\"async\" width=\"595\" height=\"366\" data-id=\"3283\" src=\"http:\/\/radiomaria.com.pl\/wp-content\/uploads\/2021\/07\/zolte-wody.png\" alt=\"\" class=\"wp-image-3283\" srcset=\"http:\/\/radiomaria.com.pl\/wp-content\/uploads\/2021\/07\/zolte-wody.png 595w, http:\/\/radiomaria.com.pl\/wp-content\/uploads\/2021\/07\/zolte-wody-300x185.png 300w\" sizes=\"auto, (max-width: 595px) 100vw, 595px\" \/><figcaption class=\"wp-element-caption\"><a href=\"https:\/\/htb.com.pl\/wp-content\/uploads\/2021\/06\/Dlaczego-przegrywamy.mp3\">Dlaczego <img loading=\"lazy\" decoding=\"async\" width=\"28\" height=\"28\" class=\"wp-image-3476\" style=\"width: 28px;\" src=\"http:\/\/radiomaria.com.pl\/wp-content\/uploads\/2021\/08\/play-mikro.png\" alt=\"\"> przegrywamy?<\/a><\/figcaption><\/figure>\n\n\n\n<figure class=\"wp-block-image size-large\"><img loading=\"lazy\" decoding=\"async\" width=\"740\" height=\"416\" data-id=\"2802\" src=\"http:\/\/radiomaria.com.pl\/wp-content\/uploads\/2021\/06\/Polska-Slowacja.jpg\" alt=\"\" class=\"wp-image-2802\" srcset=\"http:\/\/radiomaria.com.pl\/wp-content\/uploads\/2021\/06\/Polska-Slowacja.jpg 740w, http:\/\/radiomaria.com.pl\/wp-content\/uploads\/2021\/06\/Polska-Slowacja-300x169.jpg 300w\" sizes=\"auto, (max-width: 740px) 100vw, 740px\" \/><figcaption class=\"wp-element-caption\"><a href=\"http:\/\/radiomaria.com.pl\/wp-content\/uploads\/2021\/06\/Polska-Slowacja-1-do-2-calosc.mp3\">Polska S\u0142owacja <img loading=\"lazy\" decoding=\"async\" width=\"28\" height=\"28\" class=\"wp-image-3476\" style=\"width: 28px;\" src=\"http:\/\/radiomaria.com.pl\/wp-content\/uploads\/2021\/08\/play-mikro.png\" alt=\"\"> 2:1, a z Frankiem rozmawiamy dlaczego?<\/a><\/figcaption><\/figure>\n<\/figure>\n\n\n\n<figure class=\"wp-block-gallery has-nested-images columns-default is-cropped wp-block-gallery-16 is-layout-flex wp-block-gallery-is-layout-flex\">\n<figure class=\"wp-block-image size-large\"><img loading=\"lazy\" decoding=\"async\" width=\"575\" height=\"439\" data-id=\"2024\" src=\"http:\/\/radiomaria.com.pl\/wp-content\/uploads\/2021\/04\/Bez-maski-ok.jpg\" alt=\"\" class=\"wp-image-2024\" srcset=\"http:\/\/radiomaria.com.pl\/wp-content\/uploads\/2021\/04\/Bez-maski-ok.jpg 575w, http:\/\/radiomaria.com.pl\/wp-content\/uploads\/2021\/04\/Bez-maski-ok-300x229.jpg 300w\" sizes=\"auto, (max-width: 575px) 100vw, 575px\" \/><figcaption class=\"wp-element-caption\"><a href=\"http:\/\/radiomaria.com.pl\/wp-content\/uploads\/2021\/05\/Pytania-do-Frania.mp3\">Pytania <img loading=\"lazy\" decoding=\"async\" width=\"28\" height=\"28\" class=\"wp-image-3476\" style=\"width: 28px;\" src=\"http:\/\/radiomaria.com.pl\/wp-content\/uploads\/2021\/08\/play-mikro.png\" alt=\"\"> do Frania &#8211; Dzie\u0144 Matki<\/a><\/figcaption><\/figure>\n\n\n\n<figure class=\"wp-block-image size-large\"><img loading=\"lazy\" decoding=\"async\" width=\"907\" height=\"532\" data-id=\"2606\" src=\"http:\/\/radiomaria.com.pl\/wp-content\/uploads\/2021\/05\/Polne-kwiaty.png\" alt=\"\" class=\"wp-image-2606\" srcset=\"http:\/\/radiomaria.com.pl\/wp-content\/uploads\/2021\/05\/Polne-kwiaty.png 907w, http:\/\/radiomaria.com.pl\/wp-content\/uploads\/2021\/05\/Polne-kwiaty-300x176.png 300w, http:\/\/radiomaria.com.pl\/wp-content\/uploads\/2021\/05\/Polne-kwiaty-768x450.png 768w\" sizes=\"auto, (max-width: 907px) 100vw, 907px\" \/><figcaption class=\"wp-element-caption\"><a href=\"http:\/\/radiomaria.com.pl\/wp-content\/uploads\/2021\/05\/Dzie\u0144-Matki.mp3\">\u017byczenia <\/a><a href=\"http:\/\/radiomaria.com.pl\/wp-content\/uploads\/2021\/05\/Dzie%C5%84-Matki.mp3\"><img loading=\"lazy\" decoding=\"async\" width=\"28\" height=\"28\" class=\"wp-image-3476\" style=\"width: 28px;\" src=\"http:\/\/radiomaria.com.pl\/wp-content\/uploads\/2021\/08\/play-mikro.png\" alt=\"\"><\/a><a href=\"http:\/\/radiomaria.com.pl\/wp-content\/uploads\/2021\/05\/Dzie\u0144-Matki.mp3\">  dla Mam od Radia MARIA<\/a><\/figcaption><\/figure>\n<\/figure>\n\n\n\n<figure class=\"wp-block-gallery has-nested-images columns-default is-cropped wp-block-gallery-17 is-layout-flex wp-block-gallery-is-layout-flex\">\n<figure class=\"wp-block-image size-large\"><img loading=\"lazy\" decoding=\"async\" width=\"246\" height=\"294\" data-id=\"2435\" src=\"http:\/\/radiomaria.com.pl\/wp-content\/uploads\/2021\/05\/caryca-ma\u0142y.jpg\" alt=\"\" class=\"wp-image-2435\"\/><figcaption class=\"wp-element-caption\"><a href=\"http:\/\/radiomaria.com.pl\/wp-content\/uploads\/2021\/05\/Ostrze%C5%BCenieks.-prof-Tadeusza-Guza-d.mp3\">Tre\u015b\u0107 niezwyk\u0142ego <img loading=\"lazy\" decoding=\"async\" width=\"28\" height=\"28\" class=\"wp-image-3476\" style=\"width: 28px;\" src=\"http:\/\/radiomaria.com.pl\/wp-content\/uploads\/2021\/08\/play-mikro.png\" alt=\"\">  listu carycy Katarzyny II przytaczamy. Kolejny raz ostrzegamy!<\/a><\/figcaption><\/figure>\n\n\n\n<figure class=\"wp-block-image size-large\"><img loading=\"lazy\" decoding=\"async\" width=\"575\" height=\"439\" data-id=\"2024\" src=\"http:\/\/radiomaria.com.pl\/wp-content\/uploads\/2021\/04\/Bez-maski-ok.jpg\" alt=\"\" class=\"wp-image-2024\" srcset=\"http:\/\/radiomaria.com.pl\/wp-content\/uploads\/2021\/04\/Bez-maski-ok.jpg 575w, http:\/\/radiomaria.com.pl\/wp-content\/uploads\/2021\/04\/Bez-maski-ok-300x229.jpg 300w\" sizes=\"auto, (max-width: 575px) 100vw, 575px\" \/><figcaption class=\"wp-element-caption\"><a href=\"http:\/\/radiomaria.com.pl\/wp-content\/uploads\/2021\/05\/Donosy.mp3\">Pytania do Frania <img loading=\"lazy\" decoding=\"async\" width=\"28\" height=\"28\" class=\"wp-image-3476\" style=\"width: 28px;\" src=\"http:\/\/radiomaria.com.pl\/wp-content\/uploads\/2021\/08\/play-mikro.png\" alt=\"\"> &#8211; nawi\u0105zanie do litu carycy Katarzyny II<\/a><\/figcaption><\/figure>\n<\/figure>\n\n\n\n<h2 class=\"wp-block-heading\">Dwie racje i jedna relacja<\/h2>\n\n\n\n<figure class=\"wp-block-gallery has-nested-images columns-default is-cropped wp-block-gallery-18 is-layout-flex wp-block-gallery-is-layout-flex\">\n<figure class=\"wp-block-image size-large\"><img loading=\"lazy\" decoding=\"async\" width=\"836\" height=\"507\" data-id=\"2226\" src=\"http:\/\/radiomaria.com.pl\/wp-content\/uploads\/2021\/02\/Pilsudskis_funeral3.jpg\" alt=\"\" class=\"wp-image-2226\" srcset=\"http:\/\/radiomaria.com.pl\/wp-content\/uploads\/2021\/02\/Pilsudskis_funeral3.jpg 836w, http:\/\/radiomaria.com.pl\/wp-content\/uploads\/2021\/02\/Pilsudskis_funeral3-300x182.jpg 300w, http:\/\/radiomaria.com.pl\/wp-content\/uploads\/2021\/02\/Pilsudskis_funeral3-768x466.jpg 768w\" sizes=\"auto, (max-width: 836px) 100vw, 836px\" \/><figcaption class=\"wp-element-caption\"><a href=\"http:\/\/radiomaria.com.pl\/wp-content\/uploads\/2021\/04\/S\u0142uchacze-opowiadaj\u0105-Kra\u015bnik.mp3\">S\u0142uchacz <\/a><a href=\"http:\/\/radiomaria.com.pl\/wp-content\/uploads\/2021\/04\/S%C5%82uchacze-opowiadaj%C4%85-Kra%C5%9Bnik.mp3\"><img loading=\"lazy\" decoding=\"async\" width=\"28\" height=\"28\" class=\"wp-image-3476\" style=\"width: 28px;\" src=\"http:\/\/radiomaria.com.pl\/wp-content\/uploads\/2021\/08\/play-mikro.png\" alt=\"\"><\/a><a href=\"http:\/\/radiomaria.com.pl\/wp-content\/uploads\/2021\/04\/S\u0142uchacze-opowiadaj\u0105-Kra\u015bnik.mp3\"> Radia MARIA opowiada o pogrzebie J\u00f3zefa Pi\u0142sudskiego<\/a><\/figcaption><\/figure>\n\n\n\n<figure class=\"wp-block-image size-large\"><img loading=\"lazy\" decoding=\"async\" width=\"883\" height=\"373\" data-id=\"2247\" src=\"http:\/\/radiomaria.com.pl\/wp-content\/uploads\/2021\/04\/Bitwa-Warszawskama\u0142a.jpg\" alt=\"\" class=\"wp-image-2247\" srcset=\"http:\/\/radiomaria.com.pl\/wp-content\/uploads\/2021\/04\/Bitwa-Warszawskama\u0142a.jpg 883w, http:\/\/radiomaria.com.pl\/wp-content\/uploads\/2021\/04\/Bitwa-Warszawskama\u0142a-300x127.jpg 300w, http:\/\/radiomaria.com.pl\/wp-content\/uploads\/2021\/04\/Bitwa-Warszawskama\u0142a-768x324.jpg 768w\" sizes=\"auto, (max-width: 883px) 100vw, 883px\" \/><figcaption class=\"wp-element-caption\"><a href=\"http:\/\/radiomaria.com.pl\/wp-content\/uploads\/2021\/04\/Dwie-relacje-i-jedna-relacja.mp3\">S\u0142uchacz <img loading=\"lazy\" decoding=\"async\" width=\"28\" height=\"28\" class=\"wp-image-3476\" style=\"width: 28px;\" src=\"http:\/\/radiomaria.com.pl\/wp-content\/uploads\/2021\/08\/play-mikro.png\" alt=\"\"> Radia maria o Bitwie warszawskiej 1920 roku<\/a><\/figcaption><\/figure>\n<\/figure>\n\n\n\n<figure class=\"wp-block-gallery has-nested-images columns-default is-cropped wp-block-gallery-19 is-layout-flex wp-block-gallery-is-layout-flex\">\n<figure class=\"wp-block-image size-large\"><img loading=\"lazy\" decoding=\"async\" width=\"480\" height=\"640\" data-id=\"2137\" src=\"http:\/\/radiomaria.com.pl\/wp-content\/uploads\/2021\/04\/Pomnik.jpg\" alt=\"\" class=\"wp-image-2137\" srcset=\"http:\/\/radiomaria.com.pl\/wp-content\/uploads\/2021\/04\/Pomnik.jpg 480w, http:\/\/radiomaria.com.pl\/wp-content\/uploads\/2021\/04\/Pomnik-225x300.jpg 225w\" sizes=\"auto, (max-width: 480px) 100vw, 480px\" \/><figcaption class=\"wp-element-caption\"><a href=\"http:\/\/radiomaria.com.pl\/wp-content\/uploads\/2021\/04\/Rozmowa-z-Panem-Rzeszutkiem.mp3\">Pomnik \u017bo\u0142nierzy <img loading=\"lazy\" decoding=\"async\" width=\"28\" height=\"28\" class=\"wp-image-3476\" style=\"width: 28px;\" src=\"http:\/\/radiomaria.com.pl\/wp-content\/uploads\/2021\/08\/play-mikro.png\" alt=\"\"> Wykl\u0119tych Niez\u0142omnych (w budowie) w Mielcu. Rozmowa z Panem Romanem Rzeszutkiem.<\/a><\/figcaption><\/figure>\n\n\n\n<figure class=\"wp-block-image size-large\"><img loading=\"lazy\" decoding=\"async\" width=\"194\" height=\"259\" data-id=\"2261\" src=\"http:\/\/radiomaria.com.pl\/wp-content\/uploads\/2020\/10\/Rz\u0105biec.jpg\" alt=\"\" class=\"wp-image-2261\"\/><figcaption class=\"wp-element-caption\">Bitwa pod Rz\u0105bcem. <a href=\"http:\/\/radiomaria.com.pl\/wp-content\/uploads\/2021\/04\/Bitwa-pod-Rz%C4%85bcem-wypowied%C5%BA.mp3\"><img loading=\"lazy\" decoding=\"async\" width=\"28\" height=\"28\" class=\"wp-image-3476\" style=\"width: 28px;\" src=\"http:\/\/radiomaria.com.pl\/wp-content\/uploads\/2021\/08\/play-mikro.png\" alt=\"\"><\/a> Powsta\u0142 o tym film. <a href=\"http:\/\/radiomaria.com.pl\/wp-content\/uploads\/2021\/04\/Bitwa-pod-Rz%C4%85bcem-wypowied%C5%BA.mp3\">ODPOWIED\u0179 TW\u00d3RCY FILMU NA PYTANIE, CZEMU W FILMIE NIE PADA S\u0141OWO POWSTANIE.<\/a><\/figcaption><\/figure>\n<\/figure>\n\n\n\n<h2 class=\"wp-block-heading\">Audycje najch\u0119tniej s\u0142uchane<\/h2>\n\n\n\n<figure class=\"wp-block-gallery has-nested-images columns-default is-cropped wp-block-gallery-20 is-layout-flex wp-block-gallery-is-layout-flex\">\n<figure class=\"wp-block-image size-large\"><img loading=\"lazy\" decoding=\"async\" width=\"800\" height=\"484\" data-id=\"1784\" src=\"http:\/\/radiomaria.com.pl\/wp-content\/uploads\/2021\/03\/Wyspiarka-1.png\" alt=\"\" class=\"wp-image-1784\" srcset=\"http:\/\/radiomaria.com.pl\/wp-content\/uploads\/2021\/03\/Wyspiarka-1.png 800w, http:\/\/radiomaria.com.pl\/wp-content\/uploads\/2021\/03\/Wyspiarka-1-300x182.png 300w, http:\/\/radiomaria.com.pl\/wp-content\/uploads\/2021\/03\/Wyspiarka-1-768x465.png 768w\" sizes=\"auto, (max-width: 800px) 100vw, 800px\" \/><figcaption class=\"wp-element-caption\"><a href=\"https:\/\/htb.com.pl\/wp-content\/uploads\/2021\/03\/To-sie-zdarzy%C5%82o.mp3\">To si\u0119 <img loading=\"lazy\" decoding=\"async\" width=\"28\" height=\"28\" class=\"wp-image-3476\" style=\"width: 28px;\" src=\"http:\/\/radiomaria.com.pl\/wp-content\/uploads\/2021\/08\/play-mikro.png\" alt=\"\">  naprawd\u0119 zdarzy\u0142o.<\/a><\/figcaption><\/figure>\n\n\n\n<figure class=\"wp-block-image size-large\"><img loading=\"lazy\" decoding=\"async\" width=\"850\" height=\"450\" data-id=\"1773\" src=\"http:\/\/radiomaria.com.pl\/wp-content\/uploads\/2021\/03\/iter1-850x450-1.jpg\" alt=\"\" class=\"wp-image-1773\" srcset=\"http:\/\/radiomaria.com.pl\/wp-content\/uploads\/2021\/03\/iter1-850x450-1.jpg 850w, http:\/\/radiomaria.com.pl\/wp-content\/uploads\/2021\/03\/iter1-850x450-1-300x159.jpg 300w, http:\/\/radiomaria.com.pl\/wp-content\/uploads\/2021\/03\/iter1-850x450-1-768x407.jpg 768w\" sizes=\"auto, (max-width: 850px) 100vw, 850px\" \/><figcaption class=\"wp-element-caption\"><a href=\"http:\/\/radiomaria.com.pl\/wp-content\/uploads\/2021\/03\/ITER.mp3\">ITER \u2013 niezwyk\u0142a <img loading=\"lazy\" decoding=\"async\" width=\"28\" height=\"28\" class=\"wp-image-3476\" style=\"width: 28px;\" src=\"http:\/\/radiomaria.com.pl\/wp-content\/uploads\/2021\/08\/play-mikro.png\" alt=\"\"> technologia. Rozmawiam o tym z Frankiem, osadzonym odsiaduj\u0105cym d\u0142ugoletni wyrok.<\/a><\/figcaption><\/figure>\n<\/figure>\n\n\n\n<figure class=\"wp-block-gallery has-nested-images columns-default is-cropped wp-block-gallery-21 is-layout-flex wp-block-gallery-is-layout-flex\">\n<figure class=\"wp-block-image size-large\"><img loading=\"lazy\" decoding=\"async\" width=\"640\" height=\"480\" data-id=\"1695\" src=\"http:\/\/radiomaria.com.pl\/wp-content\/uploads\/2021\/03\/Polana1.jpg\" alt=\"\" class=\"wp-image-1695\" srcset=\"http:\/\/radiomaria.com.pl\/wp-content\/uploads\/2021\/03\/Polana1.jpg 640w, http:\/\/radiomaria.com.pl\/wp-content\/uploads\/2021\/03\/Polana1-300x225.jpg 300w\" sizes=\"auto, (max-width: 640px) 100vw, 640px\" \/><figcaption class=\"wp-element-caption\"><a href=\"http:\/\/radiomaria.com.pl\/wp-content\/uploads\/2021\/03\/Cze\u015b\u0107-i-hwa\u0142a-bohaterom-I.mp3\">Uroczysto\u015bci <\/a><a href=\"http:\/\/radiomaria.com.pl\/wp-content\/uploads\/2021\/03\/Cze%C5%9B%C4%87-i-hwa%C5%82a-bohaterom-I.mp3\"><img loading=\"lazy\" decoding=\"async\" width=\"28\" height=\"28\" class=\"wp-image-3476\" style=\"width: 28px;\" src=\"http:\/\/radiomaria.com.pl\/wp-content\/uploads\/2021\/08\/play-mikro.png\" alt=\"\"><\/a><a href=\"http:\/\/radiomaria.com.pl\/wp-content\/uploads\/2021\/03\/Cze\u015b\u0107-i-hwa\u0142a-bohaterom-I.mp3\"> na Polanie Niez\u0142omnych I<\/a><\/figcaption><\/figure>\n\n\n\n<figure class=\"wp-block-image size-large\"><img loading=\"lazy\" decoding=\"async\" width=\"640\" height=\"480\" data-id=\"1699\" src=\"http:\/\/radiomaria.com.pl\/wp-content\/uploads\/2021\/03\/Polana-5.jpg\" alt=\"\" class=\"wp-image-1699\" srcset=\"http:\/\/radiomaria.com.pl\/wp-content\/uploads\/2021\/03\/Polana-5.jpg 640w, http:\/\/radiomaria.com.pl\/wp-content\/uploads\/2021\/03\/Polana-5-300x225.jpg 300w\" sizes=\"auto, (max-width: 640px) 100vw, 640px\" \/><figcaption class=\"wp-element-caption\"><a href=\"http:\/\/radiomaria.com.pl\/wp-content\/uploads\/2021\/03\/Cze\u015b\u0107-i-hwa\u0142a-bohaterom-II.mp3\">Uroczysto\u015bci  <\/a><a href=\"http:\/\/radiomaria.com.pl\/wp-content\/uploads\/2021\/03\/Cze%C5%9B%C4%87-i-hwa%C5%82a-bohaterom-II.mp3\"><img loading=\"lazy\" decoding=\"async\" width=\"28\" height=\"28\" class=\"wp-image-3476\" style=\"width: 28px;\" src=\"http:\/\/radiomaria.com.pl\/wp-content\/uploads\/2021\/08\/play-mikro.png\" alt=\"\"><\/a><a href=\"http:\/\/radiomaria.com.pl\/wp-content\/uploads\/2021\/03\/Cze\u015b\u0107-i-hwa\u0142a-bohaterom-II.mp3\">na Polanie Niez\u0142omnych II<\/a><\/figcaption><\/figure>\n<\/figure>\n\n\n\n<figure class=\"wp-block-gallery has-nested-images columns-default is-cropped wp-block-gallery-22 is-layout-flex wp-block-gallery-is-layout-flex\">\n<figure class=\"wp-block-image size-large\"><img loading=\"lazy\" decoding=\"async\" width=\"1024\" height=\"680\" data-id=\"1675\" src=\"http:\/\/radiomaria.com.pl\/wp-content\/uploads\/2021\/03\/Mawaszi-1024x680.jpg\" alt=\"\" class=\"wp-image-1675\" srcset=\"http:\/\/radiomaria.com.pl\/wp-content\/uploads\/2021\/03\/Mawaszi-1024x680.jpg 1024w, http:\/\/radiomaria.com.pl\/wp-content\/uploads\/2021\/03\/Mawaszi-300x199.jpg 300w, http:\/\/radiomaria.com.pl\/wp-content\/uploads\/2021\/03\/Mawaszi-768x510.jpg 768w, http:\/\/radiomaria.com.pl\/wp-content\/uploads\/2021\/03\/Mawaszi.jpg 1072w\" sizes=\"auto, (max-width: 1024px) 100vw, 1024px\" \/><figcaption class=\"wp-element-caption\"><a href=\"http:\/\/radiomaria.com.pl\/wp-content\/uploads\/2021\/03\/Pos\u0142uchaj-Apelu-Zwyk\u0142ego-cz\u0142owieka-1.mp3\">APEL ZWYK\u0141YCH <\/a><a href=\"http:\/\/radiomaria.com.pl\/wp-content\/uploads\/2021\/03\/Pos%C5%82uchaj-Apelu-Zwyk%C5%82ego-cz%C5%82owieka-1.mp3\"><img loading=\"lazy\" decoding=\"async\" width=\"28\" height=\"28\" class=\"wp-image-3476\" style=\"width: 28px;\" src=\"http:\/\/radiomaria.com.pl\/wp-content\/uploads\/2021\/08\/play-mikro.png\" alt=\"\"><\/a><a href=\"http:\/\/radiomaria.com.pl\/wp-content\/uploads\/2021\/03\/Pos\u0142uchaj-Apelu-Zwyk\u0142ego-cz\u0142owieka-1.mp3\"> KSI\u0118\u017bY W ROZMOWIE Z FRANKIEM<\/a><\/figcaption><\/figure>\n\n\n\n<figure class=\"wp-block-image size-large\"><img loading=\"lazy\" decoding=\"async\" width=\"784\" height=\"296\" data-id=\"1592\" src=\"http:\/\/radiomaria.com.pl\/wp-content\/uploads\/2021\/02\/iNFLACJA.jpg\" alt=\"\" class=\"wp-image-1592\" srcset=\"http:\/\/radiomaria.com.pl\/wp-content\/uploads\/2021\/02\/iNFLACJA.jpg 784w, http:\/\/radiomaria.com.pl\/wp-content\/uploads\/2021\/02\/iNFLACJA-300x113.jpg 300w, http:\/\/radiomaria.com.pl\/wp-content\/uploads\/2021\/02\/iNFLACJA-768x290.jpg 768w\" sizes=\"auto, (max-width: 784px) 100vw, 784px\" \/><figcaption class=\"wp-element-caption\"><a href=\"http:\/\/radiomaria.com.pl\/wp-content\/uploads\/2021\/02\/24.02.-Z-torbami.mp3\"><img loading=\"lazy\" decoding=\"async\" width=\"28\" height=\"28\" class=\"wp-image-3476\" style=\"width: 28px;\" src=\"http:\/\/radiomaria.com.pl\/wp-content\/uploads\/2021\/08\/play-mikro.png\" alt=\"\">INFALACJA<\/a><\/figcaption><\/figure>\n<\/figure>\n\n\n\n<figure class=\"wp-block-gallery has-nested-images columns-default is-cropped wp-block-gallery-23 is-layout-flex wp-block-gallery-is-layout-flex\">\n<figure class=\"wp-block-image size-large\"><img loading=\"lazy\" decoding=\"async\" width=\"900\" height=\"659\" data-id=\"1633\" src=\"http:\/\/radiomaria.com.pl\/wp-content\/uploads\/2021\/03\/WYKL\u0118CI.jpg\" alt=\"\" class=\"wp-image-1633\" srcset=\"http:\/\/radiomaria.com.pl\/wp-content\/uploads\/2021\/03\/WYKL\u0118CI.jpg 900w, http:\/\/radiomaria.com.pl\/wp-content\/uploads\/2021\/03\/WYKL\u0118CI-300x220.jpg 300w, http:\/\/radiomaria.com.pl\/wp-content\/uploads\/2021\/03\/WYKL\u0118CI-768x562.jpg 768w\" sizes=\"auto, (max-width: 900px) 100vw, 900px\" \/><figcaption class=\"wp-element-caption\"><a href=\"http:\/\/radiomaria.com.pl\/wp-content\/uploads\/2021\/03\/Konkurs-i-rozwi\u0105zanie.mp3\">DZIE\u0143 <\/a><a href=\"http:\/\/radiomaria.com.pl\/wp-content\/uploads\/2021\/03\/Konkurs-i-rozwi%C4%85zanie.mp3\"><img loading=\"lazy\" decoding=\"async\" width=\"28\" height=\"28\" class=\"wp-image-3476\" style=\"width: 28px;\" src=\"http:\/\/radiomaria.com.pl\/wp-content\/uploads\/2021\/08\/play-mikro.png\" alt=\"\"><\/a><a href=\"http:\/\/radiomaria.com.pl\/wp-content\/uploads\/2021\/03\/Konkurs-i-rozwi\u0105zanie.mp3\"> PAMI\u0118CI \u017bO\u0141NIERZY WYKL\u0118TYCH<\/a><\/figcaption><\/figure>\n\n\n\n<figure class=\"wp-block-image size-large\"><img loading=\"lazy\" decoding=\"async\" width=\"674\" height=\"422\" data-id=\"1609\" src=\"http:\/\/radiomaria.com.pl\/wp-content\/uploads\/2021\/02\/Marta-Lempart-UE.png\" alt=\"\" class=\"wp-image-1609\" srcset=\"http:\/\/radiomaria.com.pl\/wp-content\/uploads\/2021\/02\/Marta-Lempart-UE.png 674w, http:\/\/radiomaria.com.pl\/wp-content\/uploads\/2021\/02\/Marta-Lempart-UE-300x188.png 300w\" sizes=\"auto, (max-width: 674px) 100vw, 674px\" \/><figcaption class=\"wp-element-caption\"><a href=\"https:\/\/htb.com.pl\/wp-content\/uploads\/2021\/02\/Dziewczyny-w-ofensywie.mp3\">OFENSYWA <img loading=\"lazy\" decoding=\"async\" width=\"28\" height=\"28\" class=\"wp-image-3476\" style=\"width: 28px;\" src=\"http:\/\/radiomaria.com.pl\/wp-content\/uploads\/2021\/08\/play-mikro.png\" alt=\"\"> DZIEWCZYN TRWA<\/a><\/figcaption><\/figure>\n<\/figure>\n\n\n\n<figure class=\"wp-block-gallery has-nested-images columns-default is-cropped wp-block-gallery-24 is-layout-flex wp-block-gallery-is-layout-flex\">\n<figure class=\"wp-block-image size-large\"><img loading=\"lazy\" decoding=\"async\" width=\"400\" height=\"300\" data-id=\"1598\" src=\"http:\/\/radiomaria.com.pl\/wp-content\/uploads\/2021\/02\/wrzesie\u0144-1939-400x300-1.jpg\" alt=\"\" class=\"wp-image-1598\" srcset=\"http:\/\/radiomaria.com.pl\/wp-content\/uploads\/2021\/02\/wrzesie\u0144-1939-400x300-1.jpg 400w, http:\/\/radiomaria.com.pl\/wp-content\/uploads\/2021\/02\/wrzesie\u0144-1939-400x300-1-300x225.jpg 300w\" sizes=\"auto, (max-width: 400px) 100vw, 400px\" \/><figcaption class=\"wp-element-caption\"><a href=\"https:\/\/htb.com.pl\/wp-content\/uploads\/2021\/02\/Fundament.mp3\"><img loading=\"lazy\" decoding=\"async\" width=\"28\" height=\"28\" class=\"wp-image-3476\" style=\"width: 28px;\" src=\"http:\/\/radiomaria.com.pl\/wp-content\/uploads\/2021\/08\/play-mikro.png\" alt=\"\">Fundament<\/a><\/figcaption><\/figure>\n\n\n\n<figure class=\"wp-block-image size-large\"><img loading=\"lazy\" decoding=\"async\" width=\"1024\" height=\"614\" data-id=\"1449\" src=\"http:\/\/radiomaria.com.pl\/wp-content\/uploads\/2020\/10\/Franek-1-1024x614.jpg\" alt=\"\" class=\"wp-image-1449\" srcset=\"http:\/\/radiomaria.com.pl\/wp-content\/uploads\/2020\/10\/Franek-1-1024x614.jpg 1024w, http:\/\/radiomaria.com.pl\/wp-content\/uploads\/2020\/10\/Franek-1-300x180.jpg 300w, http:\/\/radiomaria.com.pl\/wp-content\/uploads\/2020\/10\/Franek-1-768x460.jpg 768w, http:\/\/radiomaria.com.pl\/wp-content\/uploads\/2020\/10\/Franek-1.jpg 1143w\" sizes=\"auto, (max-width: 1024px) 100vw, 1024px\" \/><figcaption class=\"wp-element-caption\"><a href=\"http:\/\/radiomaria.com.pl\/wp-content\/uploads\/2021\/02\/Scheda-Araba-wywiad-z-Frankiem.mp3\">KOLEJNA ROZSMOWA <img loading=\"lazy\" decoding=\"async\" width=\"28\" height=\"28\" class=\"wp-image-3476\" style=\"width: 28px;\" src=\"http:\/\/radiomaria.com.pl\/wp-content\/uploads\/2021\/08\/play-mikro.png\" alt=\"\"> Z FRANKIEM, TYM RAZEM O WOLNO\u015aCI GOSPODARCZEJ<\/a><\/figcaption><\/figure>\n<\/figure>\n\n\n\n<figure class=\"wp-block-gallery has-nested-images columns-default is-cropped wp-block-gallery-25 is-layout-flex wp-block-gallery-is-layout-flex\">\n<figure class=\"wp-block-image size-large\"><img loading=\"lazy\" decoding=\"async\" width=\"554\" height=\"433\" data-id=\"1483\" src=\"http:\/\/radiomaria.com.pl\/wp-content\/uploads\/2020\/10\/Pose\u0142.png\" alt=\"\" class=\"wp-image-1483\" srcset=\"http:\/\/radiomaria.com.pl\/wp-content\/uploads\/2020\/10\/Pose\u0142.png 554w, http:\/\/radiomaria.com.pl\/wp-content\/uploads\/2020\/10\/Pose\u0142-300x234.png 300w\" sizes=\"auto, (max-width: 554px) 100vw, 554px\" \/><figcaption class=\"wp-element-caption\"><a href=\"http:\/\/radiomaria.com.pl\/wp-content\/uploads\/2021\/02\/Wywiad-z-Pos%C5%82em-Stefanem-Krajewskim.mp3\">Wywiad z <img loading=\"lazy\" decoding=\"async\" width=\"28\" height=\"28\" class=\"wp-image-3476\" style=\"width: 28px;\" src=\"http:\/\/radiomaria.com.pl\/wp-content\/uploads\/2021\/08\/play-mikro.png\" alt=\"\"> Pos\u0142em Stefanem Krajewskim.<\/a><\/figcaption><\/figure>\n\n\n\n<figure class=\"wp-block-image size-large\"><img loading=\"lazy\" decoding=\"async\" width=\"640\" height=\"480\" data-id=\"1470\" src=\"http:\/\/radiomaria.com.pl\/wp-content\/uploads\/2021\/02\/Telewizor.jpg\" alt=\"\" class=\"wp-image-1470\" srcset=\"http:\/\/radiomaria.com.pl\/wp-content\/uploads\/2021\/02\/Telewizor.jpg 640w, http:\/\/radiomaria.com.pl\/wp-content\/uploads\/2021\/02\/Telewizor-300x225.jpg 300w\" sizes=\"auto, (max-width: 640px) 100vw, 640px\" \/><figcaption class=\"wp-element-caption\"><a href=\"http:\/\/radiomaria.com.pl\/wp-content\/uploads\/2021\/02\/Apel.mp3\">PROTEST <img loading=\"lazy\" decoding=\"async\" width=\"28\" height=\"28\" class=\"wp-image-3476\" style=\"width: 28px;\" src=\"http:\/\/radiomaria.com.pl\/wp-content\/uploads\/2021\/08\/play-mikro.png\" alt=\"\"> WOLNYCH MEDI\u00d3W.<\/a><\/figcaption><\/figure>\n<\/figure>\n\n\n\n<figure class=\"wp-block-gallery has-nested-images columns-default is-cropped wp-block-gallery-26 is-layout-flex wp-block-gallery-is-layout-flex\">\n<figure class=\"wp-block-image size-large\"><img loading=\"lazy\" decoding=\"async\" width=\"740\" height=\"416\" data-id=\"1436\" src=\"http:\/\/radiomaria.com.pl\/wp-content\/uploads\/2021\/02\/Uwi\u0119zienie.jpg\" alt=\"\" class=\"wp-image-1436\" srcset=\"http:\/\/radiomaria.com.pl\/wp-content\/uploads\/2021\/02\/Uwi\u0119zienie.jpg 740w, http:\/\/radiomaria.com.pl\/wp-content\/uploads\/2021\/02\/Uwi\u0119zienie-300x169.jpg 300w\" sizes=\"auto, (max-width: 740px) 100vw, 740px\" \/><figcaption class=\"wp-element-caption\"><a href=\"http:\/\/radiomaria.com.pl\/wp-content\/uploads\/2021\/02\/Zbawienie.mp3\">Kolonia <img loading=\"lazy\" decoding=\"async\" width=\"28\" height=\"28\" class=\"wp-image-3476\" style=\"width: 28px;\" src=\"http:\/\/radiomaria.com.pl\/wp-content\/uploads\/2021\/08\/play-mikro.png\" alt=\"\"> karna dla Alieksieja Nawalnego<\/a><\/figcaption><\/figure>\n\n\n\n<figure class=\"wp-block-image size-large\"><img loading=\"lazy\" decoding=\"async\" width=\"750\" height=\"501\" data-id=\"1396\" src=\"http:\/\/radiomaria.com.pl\/wp-content\/uploads\/2020\/10\/WO\u015aP.jpg\" alt=\"\" class=\"wp-image-1396\" srcset=\"http:\/\/radiomaria.com.pl\/wp-content\/uploads\/2020\/10\/WO\u015aP.jpg 750w, http:\/\/radiomaria.com.pl\/wp-content\/uploads\/2020\/10\/WO\u015aP-300x200.jpg 300w\" sizes=\"auto, (max-width: 750px) 100vw, 750px\" \/><figcaption class=\"wp-element-caption\"><a href=\"https:\/\/htb.com.pl\/wp-content\/uploads\/2021\/01\/Nauka-czytania.mp3\"><img loading=\"lazy\" decoding=\"async\" width=\"28\" height=\"28\" class=\"wp-image-3476\" style=\"width: 28px;\" src=\"http:\/\/radiomaria.com.pl\/wp-content\/uploads\/2021\/08\/play-mikro.png\" alt=\"\"><\/a> <a href=\"https:\/\/htb.com.pl\/wp-content\/uploads\/2021\/01\/Nauka-czytania.mp3\">Nauka czytania<\/a><\/figcaption><\/figure>\n<\/figure>\n\n\n\n<figure class=\"wp-block-gallery has-nested-images columns-default is-cropped wp-block-gallery-27 is-layout-flex wp-block-gallery-is-layout-flex\">\n<figure class=\"wp-block-image size-large\"><img loading=\"lazy\" decoding=\"async\" width=\"962\" height=\"770\" data-id=\"1377\" src=\"http:\/\/radiomaria.com.pl\/wp-content\/uploads\/2020\/10\/Plac-Na-Rozdro\u017cu-du\u017cy-b.png\" alt=\"\" class=\"wp-image-1377\" srcset=\"http:\/\/radiomaria.com.pl\/wp-content\/uploads\/2020\/10\/Plac-Na-Rozdro\u017cu-du\u017cy-b.png 962w, http:\/\/radiomaria.com.pl\/wp-content\/uploads\/2020\/10\/Plac-Na-Rozdro\u017cu-du\u017cy-b-300x240.png 300w, http:\/\/radiomaria.com.pl\/wp-content\/uploads\/2020\/10\/Plac-Na-Rozdro\u017cu-du\u017cy-b-768x615.png 768w\" sizes=\"auto, (max-width: 962px) 100vw, 962px\" \/><figcaption class=\"wp-element-caption\"><a href=\"http:\/\/radiomaria.com.pl\/wp-content\/uploads\/2021\/01\/Na-rozdro%C5%BCu.mp3\"><img loading=\"lazy\" decoding=\"async\" width=\"28\" height=\"28\" class=\"wp-image-3476\" style=\"width: 28px;\" src=\"http:\/\/radiomaria.com.pl\/wp-content\/uploads\/2021\/08\/play-mikro.png\" alt=\"\">Polska na rozdro\u017cu<\/a><\/figcaption><\/figure>\n\n\n\n<figure class=\"wp-block-image size-large\"><img loading=\"lazy\" decoding=\"async\" width=\"1024\" height=\"614\" data-id=\"1371\" src=\"http:\/\/radiomaria.com.pl\/wp-content\/uploads\/2020\/10\/Franek-1024x614.jpg\" alt=\"\" class=\"wp-image-1371\" srcset=\"http:\/\/radiomaria.com.pl\/wp-content\/uploads\/2020\/10\/Franek-1024x614.jpg 1024w, http:\/\/radiomaria.com.pl\/wp-content\/uploads\/2020\/10\/Franek-300x180.jpg 300w, http:\/\/radiomaria.com.pl\/wp-content\/uploads\/2020\/10\/Franek-768x460.jpg 768w, http:\/\/radiomaria.com.pl\/wp-content\/uploads\/2020\/10\/Franek.jpg 1143w\" sizes=\"auto, (max-width: 1024px) 100vw, 1024px\" \/><figcaption class=\"wp-element-caption\"><a href=\"http:\/\/radiomaria.com.pl\/wp-content\/uploads\/2021\/01\/Franekdobre.mp3\">Pytania <img loading=\"lazy\" decoding=\"async\" width=\"28\" height=\"28\" class=\"wp-image-3476\" style=\"width: 28px;\" src=\"http:\/\/radiomaria.com.pl\/wp-content\/uploads\/2021\/08\/play-mikro.png\" alt=\"\"> do Frania \u2013 zapowied\u017a.<\/a><\/figcaption><\/figure>\n<\/figure>\n\n\n\n<figure class=\"wp-block-gallery has-nested-images columns-default is-cropped wp-block-gallery-28 is-layout-flex wp-block-gallery-is-layout-flex\">\n<figure class=\"wp-block-image size-large\"><img loading=\"lazy\" decoding=\"async\" width=\"655\" height=\"370\" data-id=\"1267\" src=\"http:\/\/radiomaria.com.pl\/wp-content\/uploads\/2020\/10\/K-2-ma\u0142y.jpg\" alt=\"\" class=\"wp-image-1267\" srcset=\"http:\/\/radiomaria.com.pl\/wp-content\/uploads\/2020\/10\/K-2-ma\u0142y.jpg 655w, http:\/\/radiomaria.com.pl\/wp-content\/uploads\/2020\/10\/K-2-ma\u0142y-300x169.jpg 300w\" sizes=\"auto, (max-width: 655px) 100vw, 655px\" \/><figcaption class=\"wp-element-caption\"><a href=\"http:\/\/radiomaria.com.pl\/wp-content\/uploads\/2021\/01\/16.1.K-2-zdobyty.mp3\"><img loading=\"lazy\" decoding=\"async\" width=\"28\" height=\"28\" class=\"wp-image-3476\" style=\"width: 28px;\" src=\"http:\/\/radiomaria.com.pl\/wp-content\/uploads\/2021\/08\/play-mikro.png\" alt=\"\">K 2 (8611 m. n.p.m.) zdobyty zim\u0105.<\/a><\/figcaption><\/figure>\n\n\n\n<figure class=\"wp-block-image size-large\"><img loading=\"lazy\" decoding=\"async\" width=\"589\" height=\"501\" data-id=\"1320\" src=\"http:\/\/radiomaria.com.pl\/wp-content\/uploads\/2020\/10\/Rekonstrukcja.jpg\" alt=\"\" class=\"wp-image-1320\" srcset=\"http:\/\/radiomaria.com.pl\/wp-content\/uploads\/2020\/10\/Rekonstrukcja.jpg 589w, http:\/\/radiomaria.com.pl\/wp-content\/uploads\/2020\/10\/Rekonstrukcja-300x255.jpg 300w\" sizes=\"auto, (max-width: 589px) 100vw, 589px\" \/><figcaption class=\"wp-element-caption\"><a href=\"http:\/\/radiomaria.com.pl\/wp-content\/uploads\/2021\/01\/Bitwa-pod-Bydlinem-D.mp3\">Bitwa pod Bydlinem <img loading=\"lazy\" decoding=\"async\" width=\"28\" height=\"28\" class=\"wp-image-3476\" style=\"width: 28px;\" src=\"http:\/\/radiomaria.com.pl\/wp-content\/uploads\/2021\/08\/play-mikro.png\" alt=\"\">http:\/\/radiomaria.com.pl\/wp-content\/uploads\/2021\/01\/Bitwa-pod-Bydlinem-D.mp3 (Krzywop\u0142otami) 16 \u2013 19 XI 1914 r.<\/a><\/figcaption><\/figure>\n<\/figure>\n\n\n\n<figure class=\"wp-block-gallery has-nested-images columns-default is-cropped wp-block-gallery-29 is-layout-flex wp-block-gallery-is-layout-flex\">\n<figure class=\"wp-block-image size-large\"><img loading=\"lazy\" decoding=\"async\" width=\"939\" height=\"558\" data-id=\"1262\" src=\"http:\/\/radiomaria.com.pl\/wp-content\/uploads\/2020\/10\/Szczepienia.png\" alt=\"\" class=\"wp-image-1262\" srcset=\"http:\/\/radiomaria.com.pl\/wp-content\/uploads\/2020\/10\/Szczepienia.png 939w, http:\/\/radiomaria.com.pl\/wp-content\/uploads\/2020\/10\/Szczepienia-300x178.png 300w, http:\/\/radiomaria.com.pl\/wp-content\/uploads\/2020\/10\/Szczepienia-768x456.png 768w\" sizes=\"auto, (max-width: 939px) 100vw, 939px\" \/><figcaption class=\"wp-element-caption\"><a href=\"https:\/\/htb.com.pl\/wp-content\/uploads\/2021\/01\/Szczepienia-1.mp3\"><img loading=\"lazy\" decoding=\"async\" width=\"28\" height=\"28\" class=\"wp-image-3476\" style=\"width: 28px;\" src=\"http:\/\/radiomaria.com.pl\/wp-content\/uploads\/2021\/08\/play-mikro.png\" alt=\"\">Szczepienia<\/a><\/figcaption><\/figure>\n\n\n\n<figure class=\"wp-block-image size-large\"><img loading=\"lazy\" decoding=\"async\" width=\"400\" height=\"526\" data-id=\"1263\" src=\"http:\/\/radiomaria.com.pl\/wp-content\/uploads\/2020\/10\/III-Pielgrzymka-JP-II.jpg\" alt=\"\" class=\"wp-image-1263\" srcset=\"http:\/\/radiomaria.com.pl\/wp-content\/uploads\/2020\/10\/III-Pielgrzymka-JP-II.jpg 400w, http:\/\/radiomaria.com.pl\/wp-content\/uploads\/2020\/10\/III-Pielgrzymka-JP-II-228x300.jpg 228w\" sizes=\"auto, (max-width: 400px) 100vw, 400px\" \/><figcaption class=\"wp-element-caption\"><a href=\"http:\/\/radiomaria.com.pl\/wp-content\/uploads\/2021\/03\/Uniewinnienie-dziewczyn-ca\u0142o\u015b\u0107.mp3\">III Pielgrzymka <\/a><a href=\"http:\/\/radiomaria.com.pl\/wp-content\/uploads\/2021\/03\/Uniewinnienie-dziewczyn-ca%C5%82o%C5%9B%C4%87.mp3\"><img loading=\"lazy\" decoding=\"async\" width=\"28\" height=\"28\" class=\"wp-image-3476\" style=\"width: 28px;\" src=\"http:\/\/radiomaria.com.pl\/wp-content\/uploads\/2021\/08\/play-mikro.png\" alt=\"\"><\/a><a href=\"http:\/\/radiomaria.com.pl\/wp-content\/uploads\/2021\/03\/Uniewinnienie-dziewczyn-ca\u0142o\u015b\u0107.mp3\"> Jana Paw\u0142a II do Polski 9 &#8211; 13 VI 1983 rok.<\/a><\/figcaption><\/figure>\n<\/figure>\n\n\n\n<figure class=\"wp-block-gallery has-nested-images columns-default is-cropped wp-block-gallery-30 is-layout-flex wp-block-gallery-is-layout-flex\">\n<figure class=\"wp-block-image size-large\"><img loading=\"lazy\" decoding=\"async\" width=\"631\" height=\"288\" data-id=\"1200\" src=\"http:\/\/radiomaria.com.pl\/wp-content\/uploads\/2020\/10\/Ameryka-5a.jpg\" alt=\"\" class=\"wp-image-1200\" srcset=\"http:\/\/radiomaria.com.pl\/wp-content\/uploads\/2020\/10\/Ameryka-5a.jpg 631w, http:\/\/radiomaria.com.pl\/wp-content\/uploads\/2020\/10\/Ameryka-5a-300x137.jpg 300w\" sizes=\"auto, (max-width: 631px) 100vw, 631px\" \/><figcaption class=\"wp-element-caption\"><a href=\"https:\/\/htb.com.pl\/wp-content\/uploads\/2021\/01\/Trzech-Kr%C3%B3li.mp3\">\u015awi\u0119to<img loading=\"lazy\" decoding=\"async\" width=\"28\" height=\"28\" class=\"wp-image-3476\" style=\"width: 28px;\" src=\"http:\/\/radiomaria.com.pl\/wp-content\/uploads\/2021\/08\/play-mikro.png\" alt=\"\"> trzech Kr\u00f3li<\/a><\/figcaption><\/figure>\n\n\n\n<figure class=\"wp-block-image size-large\"><img loading=\"lazy\" decoding=\"async\" width=\"622\" height=\"341\" data-id=\"1239\" src=\"http:\/\/radiomaria.com.pl\/wp-content\/uploads\/2020\/10\/Prawos\u0142awie-d.png\" alt=\"\" class=\"wp-image-1239\" srcset=\"http:\/\/radiomaria.com.pl\/wp-content\/uploads\/2020\/10\/Prawos\u0142awie-d.png 622w, http:\/\/radiomaria.com.pl\/wp-content\/uploads\/2020\/10\/Prawos\u0142awie-d-300x164.png 300w\" sizes=\"auto, (max-width: 622px) 100vw, 622px\" \/><figcaption class=\"wp-element-caption\"><a href=\"http:\/\/radiomaria.com.pl\/wp-content\/uploads\/2021\/01\/Bo%C5%BCe-Narodzenie.mp3\">\u0420\u043e\u0434\u0438\u043b\u0441\u044f <img loading=\"lazy\" decoding=\"async\" width=\"28\" height=\"28\" class=\"wp-image-3476\" style=\"width: 28px;\" src=\"http:\/\/radiomaria.com.pl\/wp-content\/uploads\/2021\/08\/play-mikro.png\" alt=\"\"> \u043f\u0440\u0430\u0432\u043e\u0441\u043b\u0430\u0432\u043d\u044b\u0439 \u0420\u043e\u0436\u0434\u0435\u0441\u0442\u0432\u0435\u043d\u0441\u043a\u0438\u0439 \u0411\u043e\u0433.<\/a><\/figcaption><\/figure>\n<\/figure>\n\n\n\n<figure class=\"wp-block-gallery has-nested-images columns-default is-cropped wp-block-gallery-31 is-layout-flex wp-block-gallery-is-layout-flex\">\n<figure class=\"wp-block-image size-large\"><img loading=\"lazy\" decoding=\"async\" width=\"512\" height=\"342\" data-id=\"1112\" src=\"http:\/\/radiomaria.com.pl\/wp-content\/uploads\/2020\/10\/Szopka-Zaklik\u00f3w.jpg\" alt=\"\" class=\"wp-image-1112\" srcset=\"http:\/\/radiomaria.com.pl\/wp-content\/uploads\/2020\/10\/Szopka-Zaklik\u00f3w.jpg 512w, http:\/\/radiomaria.com.pl\/wp-content\/uploads\/2020\/10\/Szopka-Zaklik\u00f3w-300x200.jpg 300w\" sizes=\"auto, (max-width: 512px) 100vw, 512px\" \/><figcaption class=\"wp-element-caption\"><a href=\"http:\/\/radiomaria.com.pl\/wp-content\/uploads\/2020\/12\/Silent-Night-ca%C5%82o%C5%9B%C4%87-i-czytanie.mp3\">Zapowied\u017a <img loading=\"lazy\" decoding=\"async\" width=\"28\" height=\"28\" class=\"wp-image-3476\" style=\"width: 28px;\" src=\"http:\/\/radiomaria.com.pl\/wp-content\/uploads\/2021\/08\/play-mikro.png\" alt=\"\"> \u015awi\u0105t Bo\u017cego Narodzenia<\/a><\/figcaption><\/figure>\n\n\n\n<figure class=\"wp-block-image size-large\"><img loading=\"lazy\" decoding=\"async\" width=\"960\" height=\"618\" data-id=\"1113\" src=\"http:\/\/radiomaria.com.pl\/wp-content\/uploads\/2020\/10\/Parlament-EU.jpg\" alt=\"\" class=\"wp-image-1113\" srcset=\"http:\/\/radiomaria.com.pl\/wp-content\/uploads\/2020\/10\/Parlament-EU.jpg 960w, http:\/\/radiomaria.com.pl\/wp-content\/uploads\/2020\/10\/Parlament-EU-300x193.jpg 300w, http:\/\/radiomaria.com.pl\/wp-content\/uploads\/2020\/10\/Parlament-EU-768x494.jpg 768w\" sizes=\"auto, (max-width: 960px) 100vw, 960px\" \/><figcaption class=\"wp-element-caption\"><a href=\"https:\/\/htb.com.pl\/wp-content\/uploads\/2020\/12\/Nasze-grudnie.mp3\"><img loading=\"lazy\" decoding=\"async\" width=\"28\" height=\"28\" class=\"wp-image-3476\" style=\"width: 28px;\" src=\"http:\/\/radiomaria.com.pl\/wp-content\/uploads\/2021\/08\/play-mikro.png\" alt=\"\">Nasze grudnie<\/a><\/figcaption><\/figure>\n<\/figure>\n\n\n\n<figure class=\"wp-block-gallery has-nested-images columns-default is-cropped wp-block-gallery-32 is-layout-flex wp-block-gallery-is-layout-flex\">\n<figure class=\"wp-block-image size-large\"><img loading=\"lazy\" decoding=\"async\" width=\"1000\" height=\"680\" data-id=\"1076\" src=\"http:\/\/radiomaria.com.pl\/wp-content\/uploads\/2020\/10\/czas_apokalipsy.jpg\" alt=\"\" class=\"wp-image-1076\" srcset=\"http:\/\/radiomaria.com.pl\/wp-content\/uploads\/2020\/10\/czas_apokalipsy.jpg 1000w, http:\/\/radiomaria.com.pl\/wp-content\/uploads\/2020\/10\/czas_apokalipsy-300x204.jpg 300w, http:\/\/radiomaria.com.pl\/wp-content\/uploads\/2020\/10\/czas_apokalipsy-768x522.jpg 768w\" sizes=\"auto, (max-width: 1000px) 100vw, 1000px\" \/><figcaption class=\"wp-element-caption\"><a href=\"http:\/\/radiomaria.com.pl\/wp-content\/uploads\/2020\/12\/13.12.-Pos%C5%82uchali.mp3\"><img loading=\"lazy\" decoding=\"async\" width=\"28\" height=\"28\" class=\"wp-image-3476\" style=\"width: 28px;\" src=\"http:\/\/radiomaria.com.pl\/wp-content\/uploads\/2021\/08\/play-mikro.png\" alt=\"\"><\/a><a href=\"http:\/\/radiomaria.com.pl\/wp-content\/uploads\/2020\/12\/13.12.-Pos\u0142uchali.mp3\">Czas APOKALIPSY<\/a><\/figcaption><\/figure>\n\n\n\n<figure class=\"wp-block-image size-large\"><img loading=\"lazy\" decoding=\"async\" width=\"809\" height=\"406\" data-id=\"1082\" src=\"http:\/\/radiomaria.com.pl\/wp-content\/uploads\/2020\/10\/Bryd\u017c.png\" alt=\"\" class=\"wp-image-1082\" srcset=\"http:\/\/radiomaria.com.pl\/wp-content\/uploads\/2020\/10\/Bryd\u017c.png 809w, http:\/\/radiomaria.com.pl\/wp-content\/uploads\/2020\/10\/Bryd\u017c-300x151.png 300w, http:\/\/radiomaria.com.pl\/wp-content\/uploads\/2020\/10\/Bryd\u017c-768x385.png 768w, http:\/\/radiomaria.com.pl\/wp-content\/uploads\/2020\/10\/Bryd\u017c-600x300.png 600w\" sizes=\"auto, (max-width: 809px) 100vw, 809px\" \/><figcaption class=\"wp-element-caption\"><a href=\"https:\/\/htb.com.pl\/wp-content\/uploads\/2020\/12\/Groteska.mp3\"><img loading=\"lazy\" decoding=\"async\" width=\"28\" height=\"28\" class=\"wp-image-3476\" style=\"width: 28px;\" src=\"http:\/\/radiomaria.com.pl\/wp-content\/uploads\/2021\/08\/play-mikro.png\" alt=\"\">Groteska<\/a><\/figcaption><\/figure>\n<\/figure>\n\n\n\n<figure class=\"wp-block-gallery has-nested-images columns-default is-cropped wp-block-gallery-33 is-layout-flex wp-block-gallery-is-layout-flex\">\n<figure class=\"wp-block-image size-large\"><img loading=\"lazy\" decoding=\"async\" width=\"850\" height=\"450\" data-id=\"823\" src=\"http:\/\/radiomaria.com.pl\/wp-content\/uploads\/2020\/10\/rozwad\u00f3w-850x450-1.jpg\" alt=\"\" class=\"wp-image-823\" srcset=\"http:\/\/radiomaria.com.pl\/wp-content\/uploads\/2020\/10\/rozwad\u00f3w-850x450-1.jpg 850w, http:\/\/radiomaria.com.pl\/wp-content\/uploads\/2020\/10\/rozwad\u00f3w-850x450-1-300x159.jpg 300w, http:\/\/radiomaria.com.pl\/wp-content\/uploads\/2020\/10\/rozwad\u00f3w-850x450-1-768x407.jpg 768w\" sizes=\"auto, (max-width: 850px) 100vw, 850px\" \/><figcaption class=\"wp-element-caption\"><a href=\"https:\/\/htb.com.pl\/wp-content\/uploads\/2020\/12\/G%C5%82upiszon.mp3\"><img loading=\"lazy\" decoding=\"async\" width=\"28\" height=\"28\" class=\"wp-image-3476\" style=\"width: 28px;\" src=\"http:\/\/radiomaria.com.pl\/wp-content\/uploads\/2021\/08\/play-mikro.png\" alt=\"\">G\u0142upiszon<\/a><\/figcaption><\/figure>\n\n\n\n<figure class=\"wp-block-image size-large\"><img loading=\"lazy\" decoding=\"async\" width=\"740\" height=\"416\" data-id=\"1033\" src=\"http:\/\/radiomaria.com.pl\/wp-content\/uploads\/2020\/10\/Radio-Maryja.jpg\" alt=\"\" class=\"wp-image-1033\" srcset=\"http:\/\/radiomaria.com.pl\/wp-content\/uploads\/2020\/10\/Radio-Maryja.jpg 740w, http:\/\/radiomaria.com.pl\/wp-content\/uploads\/2020\/10\/Radio-Maryja-300x169.jpg 300w\" sizes=\"auto, (max-width: 740px) 100vw, 740px\" \/><figcaption class=\"wp-element-caption\"><a href=\"http:\/\/radiomaria.com.pl\/wp-content\/uploads\/2020\/12\/Pozdrowienia-dla-S\u0142uchaczy-Radia-Maryja.mp3\">Dla <\/a><a href=\"http:\/\/radiomaria.com.pl\/wp-content\/uploads\/2020\/12\/Pozdrowienia-dla-S%C5%82uchaczy-Radia-Maryja.mp3\"><img loading=\"lazy\" decoding=\"async\" width=\"28\" height=\"28\" class=\"wp-image-3476\" style=\"width: 28px;\" src=\"http:\/\/radiomaria.com.pl\/wp-content\/uploads\/2021\/08\/play-mikro.png\" alt=\"\"><\/a><a href=\"http:\/\/radiomaria.com.pl\/wp-content\/uploads\/2020\/12\/Pozdrowienia-dla-S\u0142uchaczy-Radia-Maryja.mp3\"> S\u0142uchaczy Radia Maryja.<\/a><\/figcaption><\/figure>\n<\/figure>\n\n\n\n<figure class=\"wp-block-gallery has-nested-images columns-default is-cropped wp-block-gallery-34 is-layout-flex wp-block-gallery-is-layout-flex\">\n<figure class=\"wp-block-image size-large\"><img loading=\"lazy\" decoding=\"async\" width=\"798\" height=\"532\" data-id=\"1008\" src=\"http:\/\/radiomaria.com.pl\/wp-content\/uploads\/2020\/10\/Budapeszt.jpg\" alt=\"\" class=\"wp-image-1008\" srcset=\"http:\/\/radiomaria.com.pl\/wp-content\/uploads\/2020\/10\/Budapeszt.jpg 798w, http:\/\/radiomaria.com.pl\/wp-content\/uploads\/2020\/10\/Budapeszt-300x200.jpg 300w, http:\/\/radiomaria.com.pl\/wp-content\/uploads\/2020\/10\/Budapeszt-768x512.jpg 768w\" sizes=\"auto, (max-width: 798px) 100vw, 798px\" \/><figcaption class=\"wp-element-caption\"><a href=\"https:\/\/htb.com.pl\/wp-content\/uploads\/2020\/11\/Mi%C4%99kiszon.mp3\"><img loading=\"lazy\" decoding=\"async\" width=\"28\" height=\"28\" class=\"wp-image-3476\" style=\"width: 28px;\" src=\"http:\/\/radiomaria.com.pl\/wp-content\/uploads\/2021\/08\/play-mikro.png\" alt=\"\">Mi\u0119kiszon<\/a><\/figcaption><\/figure>\n\n\n\n<figure class=\"wp-block-image size-large\"><img loading=\"lazy\" decoding=\"async\" width=\"731\" height=\"1024\" data-id=\"1004\" src=\"http:\/\/radiomaria.com.pl\/wp-content\/uploads\/2020\/10\/Jaros\u0142aw_Sachajko_Sejm_2016-731x1024.jpg\" alt=\"\" class=\"wp-image-1004\" srcset=\"http:\/\/radiomaria.com.pl\/wp-content\/uploads\/2020\/10\/Jaros\u0142aw_Sachajko_Sejm_2016-731x1024.jpg 731w, http:\/\/radiomaria.com.pl\/wp-content\/uploads\/2020\/10\/Jaros\u0142aw_Sachajko_Sejm_2016-214x300.jpg 214w, http:\/\/radiomaria.com.pl\/wp-content\/uploads\/2020\/10\/Jaros\u0142aw_Sachajko_Sejm_2016-768x1076.jpg 768w, http:\/\/radiomaria.com.pl\/wp-content\/uploads\/2020\/10\/Jaros\u0142aw_Sachajko_Sejm_2016-1096x1536.jpg 1096w, http:\/\/radiomaria.com.pl\/wp-content\/uploads\/2020\/10\/Jaros\u0142aw_Sachajko_Sejm_2016.jpg 1200w\" sizes=\"auto, (max-width: 731px) 100vw, 731px\" \/><figcaption class=\"wp-element-caption\"><a href=\"http:\/\/radiomaria.com.pl\/wp-content\/uploads\/2020\/12\/Pose%C5%82-Jaros%C5%82aw-Sachajko.mp3\">Pose\u0142 <img loading=\"lazy\" decoding=\"async\" width=\"28\" height=\"28\" class=\"wp-image-3476\" style=\"width: 28px;\" src=\"http:\/\/radiomaria.com.pl\/wp-content\/uploads\/2021\/08\/play-mikro.png\" alt=\"\"> Jaros\u0142aw Sachajko \u2013 wywiad.<\/a><\/figcaption><\/figure>\n<\/figure>\n\n\n\n<figure class=\"wp-block-gallery has-nested-images columns-default is-cropped wp-block-gallery-35 is-layout-flex wp-block-gallery-is-layout-flex\">\n<figure class=\"wp-block-image size-large\"><img loading=\"lazy\" decoding=\"async\" width=\"480\" height=\"640\" data-id=\"990\" src=\"http:\/\/radiomaria.com.pl\/wp-content\/uploads\/2020\/10\/Mama-P.jpg\" alt=\"\" class=\"wp-image-990\" srcset=\"http:\/\/radiomaria.com.pl\/wp-content\/uploads\/2020\/10\/Mama-P.jpg 480w, http:\/\/radiomaria.com.pl\/wp-content\/uploads\/2020\/10\/Mama-P-225x300.jpg 225w\" sizes=\"auto, (max-width: 480px) 100vw, 480px\" \/><figcaption class=\"wp-element-caption\"><a href=\"http:\/\/radiomaria.com.pl\/wp-content\/uploads\/2020\/10\/Matko-Moja-ja-wiem.mp3\"><img loading=\"lazy\" decoding=\"async\" width=\"28\" height=\"28\" class=\"wp-image-3476\" style=\"width: 28px;\" src=\"http:\/\/radiomaria.com.pl\/wp-content\/uploads\/2021\/08\/play-mikro.png\" alt=\"\">Cmentarze zamkni\u0119te<\/a><\/figcaption><\/figure>\n\n\n\n<figure class=\"wp-block-image size-large\"><img loading=\"lazy\" decoding=\"async\" width=\"480\" height=\"640\" data-id=\"985\" src=\"http:\/\/radiomaria.com.pl\/wp-content\/uploads\/2020\/10\/Oodcast-Tata.jpg\" alt=\"\" class=\"wp-image-985\" srcset=\"http:\/\/radiomaria.com.pl\/wp-content\/uploads\/2020\/10\/Oodcast-Tata.jpg 480w, http:\/\/radiomaria.com.pl\/wp-content\/uploads\/2020\/10\/Oodcast-Tata-225x300.jpg 225w\" sizes=\"auto, (max-width: 480px) 100vw, 480px\" \/><figcaption class=\"wp-element-caption\"><a href=\"http:\/\/radiomaria.com.pl\/wp-content\/uploads\/2020\/11\/Modlitwa-R%C3%B3%C5%BCa%C5%84ca-%C5%9Awi%C4%99tego-za-Tat%C4%99.mp3\"> Modlitwa <img loading=\"lazy\" decoding=\"async\" width=\"28\" height=\"28\" class=\"wp-image-3476\" style=\"width: 28px;\" src=\"http:\/\/radiomaria.com.pl\/wp-content\/uploads\/2021\/08\/play-mikro.png\" alt=\"\"> R\u00f3\u017ca\u0144ca \u015awi\u0119tego \u2013 za Tat\u0119.<\/a><\/figcaption><\/figure>\n<\/figure>\n\n\n\n<figure class=\"wp-block-gallery has-nested-images columns-default is-cropped wp-block-gallery-36 is-layout-flex wp-block-gallery-is-layout-flex\">\n<figure class=\"wp-block-image size-large\"><img loading=\"lazy\" decoding=\"async\" width=\"657\" height=\"323\" data-id=\"863\" src=\"http:\/\/radiomaria.com.pl\/wp-content\/uploads\/2020\/11\/Kryzys-1.jpg\" alt=\"\" class=\"wp-image-863\" srcset=\"http:\/\/radiomaria.com.pl\/wp-content\/uploads\/2020\/11\/Kryzys-1.jpg 657w, http:\/\/radiomaria.com.pl\/wp-content\/uploads\/2020\/11\/Kryzys-1-300x147.jpg 300w\" sizes=\"auto, (max-width: 657px) 100vw, 657px\" \/><figcaption class=\"wp-element-caption\"><a href=\"https:\/\/htb.com.pl\/wp-content\/uploads\/2020\/05\/Worek.mp3\"><img loading=\"lazy\" decoding=\"async\" width=\"28\" height=\"28\" class=\"wp-image-3476\" style=\"width: 28px;\" src=\"http:\/\/radiomaria.com.pl\/wp-content\/uploads\/2021\/08\/play-mikro.png\" alt=\"\">Nasze wybory<\/a><\/figcaption><\/figure>\n\n\n\n<figure class=\"wp-block-image size-large\"><img loading=\"lazy\" decoding=\"async\" width=\"933\" height=\"621\" data-id=\"839\" src=\"http:\/\/radiomaria.com.pl\/wp-content\/uploads\/2020\/10\/Burdy.jpg\" alt=\"\" class=\"wp-image-839\" srcset=\"http:\/\/radiomaria.com.pl\/wp-content\/uploads\/2020\/10\/Burdy.jpg 933w, http:\/\/radiomaria.com.pl\/wp-content\/uploads\/2020\/10\/Burdy-300x200.jpg 300w, http:\/\/radiomaria.com.pl\/wp-content\/uploads\/2020\/10\/Burdy-768x511.jpg 768w\" sizes=\"auto, (max-width: 933px) 100vw, 933px\" \/><figcaption class=\"wp-element-caption\"><a href=\"https:\/\/htb.com.pl\/wp-content\/uploads\/2020\/11\/No-to-po%C5%9Bwi%C4%99towali%C5%9Bmy.mp3\">No to <img loading=\"lazy\" decoding=\"async\" width=\"28\" height=\"28\" class=\"wp-image-3476\" style=\"width: 28px;\" src=\"http:\/\/radiomaria.com.pl\/wp-content\/uploads\/2021\/08\/play-mikro.png\" alt=\"\"> po\u015bwi\u0119towali\u015bmy<\/a><\/figcaption><\/figure>\n<figcaption class=\"blocks-gallery-caption wp-element-caption\"><br><\/figcaption><\/figure>\n\n\n\n<figure class=\"wp-block-gallery has-nested-images columns-default is-cropped wp-block-gallery-37 is-layout-flex wp-block-gallery-is-layout-flex\">\n<figure class=\"wp-block-image size-large\"><img loading=\"lazy\" decoding=\"async\" width=\"850\" height=\"450\" data-id=\"823\" src=\"http:\/\/radiomaria.com.pl\/wp-content\/uploads\/2020\/10\/rozwad\u00f3w-850x450-1.jpg\" alt=\"\" class=\"wp-image-823\" srcset=\"http:\/\/radiomaria.com.pl\/wp-content\/uploads\/2020\/10\/rozwad\u00f3w-850x450-1.jpg 850w, http:\/\/radiomaria.com.pl\/wp-content\/uploads\/2020\/10\/rozwad\u00f3w-850x450-1-300x159.jpg 300w, http:\/\/radiomaria.com.pl\/wp-content\/uploads\/2020\/10\/rozwad\u00f3w-850x450-1-768x407.jpg 768w\" sizes=\"auto, (max-width: 850px) 100vw, 850px\" \/><figcaption class=\"wp-element-caption\"><a href=\"https:\/\/htb.com.pl\/wp-content\/uploads\/2019\/06\/Rozwad%C3%B3w.mp3\">Historia <img loading=\"lazy\" decoding=\"async\" width=\"28\" height=\"28\" class=\"wp-image-3476\" style=\"width: 28px;\" src=\"http:\/\/radiomaria.com.pl\/wp-content\/uploads\/2021\/08\/play-mikro.png\" alt=\"\"> lubi si\u0119 powtarza\u0107<\/a><\/figcaption><\/figure>\n\n\n\n<figure class=\"wp-block-image size-large\"><img loading=\"lazy\" decoding=\"async\" width=\"680\" height=\"329\" data-id=\"820\" src=\"http:\/\/radiomaria.com.pl\/wp-content\/uploads\/2020\/10\/Borne.jpg\" alt=\"\" class=\"wp-image-820\" srcset=\"http:\/\/radiomaria.com.pl\/wp-content\/uploads\/2020\/10\/Borne.jpg 680w, http:\/\/radiomaria.com.pl\/wp-content\/uploads\/2020\/10\/Borne-300x145.jpg 300w\" sizes=\"auto, (max-width: 680px) 100vw, 680px\" \/><figcaption class=\"wp-element-caption\"><a href=\"https:\/\/htb.com.pl\/wp-content\/uploads\/2020\/07\/Sylwester.mp3\">SYLWESTER <img loading=\"lazy\" decoding=\"async\" width=\"28\" height=\"28\" class=\"wp-image-3476\" style=\"width: 28px;\" src=\"http:\/\/radiomaria.com.pl\/wp-content\/uploads\/2021\/08\/play-mikro.png\" alt=\"\"> 1986-1987 ROK \u2013 Z MARYSI\u0104<\/a><\/figcaption><\/figure>\n<\/figure>\n\n\n\n<figure class=\"wp-block-gallery has-nested-images columns-default is-cropped wp-block-gallery-38 is-layout-flex wp-block-gallery-is-layout-flex\">\n<figure class=\"wp-block-image size-large\"><img loading=\"lazy\" decoding=\"async\" width=\"180\" height=\"180\" data-id=\"776\" src=\"http:\/\/radiomaria.com.pl\/wp-content\/uploads\/2020\/10\/karty.jpg\" alt=\"\" class=\"wp-image-776\" srcset=\"http:\/\/radiomaria.com.pl\/wp-content\/uploads\/2020\/10\/karty.jpg 180w, http:\/\/radiomaria.com.pl\/wp-content\/uploads\/2020\/10\/karty-150x150.jpg 150w\" sizes=\"auto, (max-width: 180px) 100vw, 180px\" \/><figcaption class=\"wp-element-caption\"><a href=\"https:\/\/htb.com.pl\/wp-content\/uploads\/2018\/12\/31-Bryd%C5%BC-moje-hobby-kt%C3%B3rym-zarazi%C5%82a-mnie-Tancerka.mp3\">Bryd\u017c, moje <img loading=\"lazy\" decoding=\"async\" width=\"28\" height=\"28\" class=\"wp-image-3476\" style=\"width: 28px;\" src=\"http:\/\/radiomaria.com.pl\/wp-content\/uploads\/2021\/08\/play-mikro.png\" alt=\"\"> hobby, kt\u00f3rym zarazi\u0142a mnie Tancerka<\/a><\/figcaption><\/figure>\n\n\n\n<figure class=\"wp-block-image size-large\"><img loading=\"lazy\" decoding=\"async\" width=\"800\" height=\"651\" data-id=\"758\" src=\"http:\/\/radiomaria.com.pl\/wp-content\/uploads\/2020\/10\/Swi\u0105tynia.jpg\" alt=\"\" class=\"wp-image-758\" srcset=\"http:\/\/radiomaria.com.pl\/wp-content\/uploads\/2020\/10\/Swi\u0105tynia.jpg 800w, http:\/\/radiomaria.com.pl\/wp-content\/uploads\/2020\/10\/Swi\u0105tynia-300x244.jpg 300w, http:\/\/radiomaria.com.pl\/wp-content\/uploads\/2020\/10\/Swi\u0105tynia-768x625.jpg 768w\" sizes=\"auto, (max-width: 800px) 100vw, 800px\" \/><figcaption class=\"wp-element-caption\"><a href=\"https:\/\/htb.com.pl\/wp-content\/uploads\/2020\/10\/Dla-tych-co-nie-mog%C4%85.mp3\">Szacunek <img loading=\"lazy\" decoding=\"async\" width=\"28\" height=\"28\" class=\"wp-image-3476\" style=\"width: 28px;\" src=\"http:\/\/radiomaria.com.pl\/wp-content\/uploads\/2021\/08\/play-mikro.png\" alt=\"\"> dla miejsc \u015bwi\u0119tych<\/a><\/figcaption><\/figure>\n\n\n\n<figure class=\"wp-block-image size-large\"><img loading=\"lazy\" decoding=\"async\" width=\"300\" height=\"211\" data-id=\"780\" src=\"http:\/\/radiomaria.com.pl\/wp-content\/uploads\/2020\/10\/stw-300x211-1.jpg\" alt=\"\" class=\"wp-image-780\"\/><figcaption class=\"wp-element-caption\"><a href=\"https:\/\/htb.com.pl\/wp-content\/uploads\/2018\/12\/6-Nawr%C3%B3cenie-Oficera-Ludowego-Wojska-Polskiego.mp3\">Nawr\u00f3cenie <img loading=\"lazy\" decoding=\"async\" width=\"28\" height=\"28\" class=\"wp-image-3476\" style=\"width: 28px;\" src=\"http:\/\/radiomaria.com.pl\/wp-content\/uploads\/2021\/08\/play-mikro.png\" alt=\"\"> Oficera LWP<\/a><\/figcaption><\/figure>\n<figcaption class=\"blocks-gallery-caption wp-element-caption\"><br><br><\/figcaption><\/figure>\n\n\n\n<figure class=\"wp-block-gallery has-nested-images columns-default is-cropped wp-block-gallery-39 is-layout-flex wp-block-gallery-is-layout-flex\">\n<figure class=\"wp-block-image size-large\"><img loading=\"lazy\" decoding=\"async\" width=\"275\" height=\"183\" data-id=\"714\" src=\"http:\/\/radiomaria.com.pl\/wp-content\/uploads\/2020\/10\/Zaklik\u00f3w1.jpg\" alt=\"\" class=\"wp-image-714\"\/><figcaption class=\"wp-element-caption\"><a href=\"https:\/\/htb.com.pl\/wp-content\/uploads\/2018\/10\/28-Spotkanie-po-latach-z-Tancerk%C4%85.mp3\">Spotkanie <img loading=\"lazy\" decoding=\"async\" width=\"28\" height=\"28\" class=\"wp-image-3476\" style=\"width: 28px;\" src=\"http:\/\/radiomaria.com.pl\/wp-content\/uploads\/2021\/08\/play-mikro.png\" alt=\"\"> po latach \u2013 z Tancerk\u0105<\/a><\/figcaption><\/figure>\n\n\n\n<figure class=\"wp-block-image size-large\"><img loading=\"lazy\" decoding=\"async\" width=\"274\" height=\"184\" data-id=\"715\" src=\"http:\/\/radiomaria.com.pl\/wp-content\/uploads\/2020\/10\/Papie\u017c-1.jpg\" alt=\"\" class=\"wp-image-715\"\/><figcaption class=\"wp-element-caption\"><a href=\"https:\/\/htb.com.pl\/wp-content\/uploads\/2018\/10\/1-Jan-Pawe%C5%82-II-Papie%C5%BC.mp3\">Jan Pawe\u0142 II <img loading=\"lazy\" decoding=\"async\" width=\"28\" height=\"28\" class=\"wp-image-3476\" style=\"width: 28px;\" src=\"http:\/\/radiomaria.com.pl\/wp-content\/uploads\/2021\/08\/play-mikro.png\" alt=\"\"> Papie\u017c<\/a><\/figcaption><\/figure>\n\n\n\n<figure class=\"wp-block-image size-large\"><img loading=\"lazy\" decoding=\"async\" width=\"780\" height=\"520\" data-id=\"736\" src=\"http:\/\/radiomaria.com.pl\/wp-content\/uploads\/2020\/10\/Kobiety-try.jpg\" alt=\"\" class=\"wp-image-736\" srcset=\"http:\/\/radiomaria.com.pl\/wp-content\/uploads\/2020\/10\/Kobiety-try.jpg 780w, http:\/\/radiomaria.com.pl\/wp-content\/uploads\/2020\/10\/Kobiety-try-300x200.jpg 300w, http:\/\/radiomaria.com.pl\/wp-content\/uploads\/2020\/10\/Kobiety-try-768x512.jpg 768w\" sizes=\"auto, (max-width: 780px) 100vw, 780px\" \/><figcaption class=\"wp-element-caption\"><a href=\"https:\/\/htb.com.pl\/wp-content\/uploads\/2020\/10\/Hejt.mp3\">Hejt <img loading=\"lazy\" decoding=\"async\" width=\"28\" height=\"28\" class=\"wp-image-3476\" style=\"width: 28px;\" src=\"http:\/\/radiomaria.com.pl\/wp-content\/uploads\/2021\/08\/play-mikro.png\" alt=\"\"> i fake news<\/a><\/figcaption><\/figure>\n<\/figure>\n\n\n\n<figure class=\"wp-block-gallery has-nested-images columns-default is-cropped wp-block-gallery-40 is-layout-flex wp-block-gallery-is-layout-flex\">\n<figure class=\"wp-block-image size-large\"><img loading=\"lazy\" decoding=\"async\" width=\"840\" height=\"559\" data-id=\"605\" src=\"http:\/\/radiomaria.com.pl\/wp-content\/uploads\/2020\/08\/Bykownia.jpg\" alt=\"\" class=\"wp-image-605\" srcset=\"http:\/\/radiomaria.com.pl\/wp-content\/uploads\/2020\/08\/Bykownia.jpg 840w, http:\/\/radiomaria.com.pl\/wp-content\/uploads\/2020\/08\/Bykownia-300x200.jpg 300w, http:\/\/radiomaria.com.pl\/wp-content\/uploads\/2020\/08\/Bykownia-768x511.jpg 768w\" sizes=\"auto, (max-width: 840px) 100vw, 840px\" \/><figcaption class=\"wp-element-caption\"><a href=\"https:\/\/htb.com.pl\/wp-content\/uploads\/2020\/10\/Po-co-pisali.mp3\">WALN\u0104\u0106 <img loading=\"lazy\" decoding=\"async\" width=\"28\" height=\"28\" class=\"wp-image-3476\" style=\"width: 28px;\" src=\"http:\/\/radiomaria.com.pl\/wp-content\/uploads\/2021\/08\/play-mikro.png\" alt=\"\"> PI\u0118\u015aCI\u0104 W ST\u00d3\u0141<\/a><\/figcaption><\/figure>\n\n\n\n<figure class=\"wp-block-image size-large\"><img loading=\"lazy\" decoding=\"async\" width=\"800\" height=\"445\" data-id=\"638\" src=\"http:\/\/radiomaria.com.pl\/wp-content\/uploads\/2020\/10\/Kl\u0119ska.jpg\" alt=\"\" class=\"wp-image-638\" srcset=\"http:\/\/radiomaria.com.pl\/wp-content\/uploads\/2020\/10\/Kl\u0119ska.jpg 800w, http:\/\/radiomaria.com.pl\/wp-content\/uploads\/2020\/10\/Kl\u0119ska-300x167.jpg 300w, http:\/\/radiomaria.com.pl\/wp-content\/uploads\/2020\/10\/Kl\u0119ska-768x427.jpg 768w\" sizes=\"auto, (max-width: 800px) 100vw, 800px\" \/><figcaption class=\"wp-element-caption\"><a href=\"https:\/\/htb.com.pl\/wp-content\/uploads\/2020\/10\/Kreska.mp3\">SK\u0104D <img loading=\"lazy\" decoding=\"async\" width=\"28\" height=\"28\" class=\"wp-image-3476\" style=\"width: 28px;\" src=\"http:\/\/radiomaria.com.pl\/wp-content\/uploads\/2021\/08\/play-mikro.png\" alt=\"\"> ONI SI\u0118 BIOE\u0104?<\/a><\/figcaption><\/figure>\n\n\n\n<figure class=\"wp-block-image size-large\"><img loading=\"lazy\" decoding=\"async\" width=\"680\" height=\"510\" data-id=\"631\" src=\"http:\/\/radiomaria.com.pl\/wp-content\/uploads\/2020\/10\/Studenci-witaj\u0105.jpg\" alt=\"\" class=\"wp-image-631\" srcset=\"http:\/\/radiomaria.com.pl\/wp-content\/uploads\/2020\/10\/Studenci-witaj\u0105.jpg 680w, http:\/\/radiomaria.com.pl\/wp-content\/uploads\/2020\/10\/Studenci-witaj\u0105-300x225.jpg 300w\" sizes=\"auto, (max-width: 680px) 100vw, 680px\" \/><figcaption class=\"wp-element-caption\"><a href=\"https:\/\/htb.com.pl\/wp-content\/uploads\/2020\/10\/Bristol.mp3\">WYKLUCZENI <img loading=\"lazy\" decoding=\"async\" width=\"28\" height=\"28\" class=\"wp-image-3476\" style=\"width: 28px;\" src=\"http:\/\/radiomaria.com.pl\/wp-content\/uploads\/2021\/08\/play-mikro.png\" alt=\"\"> BO SK\u0141\u00d3CENI<\/a><\/figcaption><\/figure>\n\n\n\n<figure class=\"wp-block-image size-large\"><img loading=\"lazy\" decoding=\"async\" width=\"512\" height=\"407\" data-id=\"634\" src=\"http:\/\/radiomaria.com.pl\/wp-content\/uploads\/2020\/10\/Po\u017car-zamku.jpg\" alt=\"\" class=\"wp-image-634\" srcset=\"http:\/\/radiomaria.com.pl\/wp-content\/uploads\/2020\/10\/Po\u017car-zamku.jpg 512w, http:\/\/radiomaria.com.pl\/wp-content\/uploads\/2020\/10\/Po\u017car-zamku-300x238.jpg 300w\" sizes=\"auto, (max-width: 512px) 100vw, 512px\" \/><figcaption class=\"wp-element-caption\"><a href=\"https:\/\/htb.com.pl\/wp-content\/uploads\/2020\/09\/Ocali%C4%87-pami%C4%99%C4%87.mp3\">NO <img loading=\"lazy\" decoding=\"async\" width=\"28\" height=\"28\" class=\"wp-image-3476\" style=\"width: 28px;\" src=\"http:\/\/radiomaria.com.pl\/wp-content\/uploads\/2021\/08\/play-mikro.png\" alt=\"\"> I STA\u0141O SI\u0118<\/a><\/figcaption><\/figure>\n\n\n\n<figure class=\"wp-block-image size-large\"><img loading=\"lazy\" decoding=\"async\" width=\"477\" height=\"359\" data-id=\"633\" src=\"http:\/\/radiomaria.com.pl\/wp-content\/uploads\/2020\/10\/Defilada-we-Lwowie.jpg\" alt=\"\" class=\"wp-image-633\" srcset=\"http:\/\/radiomaria.com.pl\/wp-content\/uploads\/2020\/10\/Defilada-we-Lwowie.jpg 477w, http:\/\/radiomaria.com.pl\/wp-content\/uploads\/2020\/10\/Defilada-we-Lwowie-300x226.jpg 300w\" sizes=\"auto, (max-width: 477px) 100vw, 477px\" \/><figcaption class=\"wp-element-caption\"><a href=\"https:\/\/htb.com.pl\/wp-content\/uploads\/2020\/09\/Nie-wszyscy-wracali.mp3\"><img loading=\"lazy\" decoding=\"async\" width=\"28\" height=\"28\" class=\"wp-image-3476\" style=\"width: 28px;\" src=\"http:\/\/radiomaria.com.pl\/wp-content\/uploads\/2021\/08\/play-mikro.png\" alt=\"\">STRACH<\/a><\/figcaption><\/figure>\n\n\n\n<figure class=\"wp-block-image size-large\"><img loading=\"lazy\" decoding=\"async\" width=\"400\" height=\"400\" data-id=\"637\" src=\"http:\/\/radiomaria.com.pl\/wp-content\/uploads\/2020\/10\/wrzesie\u0144-1939-poprawna.jpg\" alt=\"\" class=\"wp-image-637\" srcset=\"http:\/\/radiomaria.com.pl\/wp-content\/uploads\/2020\/10\/wrzesie\u0144-1939-poprawna.jpg 400w, http:\/\/radiomaria.com.pl\/wp-content\/uploads\/2020\/10\/wrzesie\u0144-1939-poprawna-300x300.jpg 300w, http:\/\/radiomaria.com.pl\/wp-content\/uploads\/2020\/10\/wrzesie\u0144-1939-poprawna-150x150.jpg 150w\" sizes=\"auto, (max-width: 400px) 100vw, 400px\" \/><figcaption class=\"wp-element-caption\"><a href=\"https:\/\/htb.com.pl\/wp-content\/uploads\/2020\/09\/Depresja.mp3\">I CO <img loading=\"lazy\" decoding=\"async\" width=\"28\" height=\"28\" class=\"wp-image-3476\" style=\"width: 28px;\" src=\"http:\/\/radiomaria.com.pl\/wp-content\/uploads\/2021\/08\/play-mikro.png\" alt=\"\"> &#8211; SAMO Z\u0141O<\/a><\/figcaption><\/figure>\n\n\n\n<figure class=\"wp-block-image size-large\"><img loading=\"lazy\" decoding=\"async\" width=\"850\" height=\"450\" data-id=\"632\" src=\"http:\/\/radiomaria.com.pl\/wp-content\/uploads\/2020\/10\/Cyrk-850x450-1.jpg\" alt=\"\" class=\"wp-image-632\" srcset=\"http:\/\/radiomaria.com.pl\/wp-content\/uploads\/2020\/10\/Cyrk-850x450-1.jpg 850w, http:\/\/radiomaria.com.pl\/wp-content\/uploads\/2020\/10\/Cyrk-850x450-1-300x159.jpg 300w, http:\/\/radiomaria.com.pl\/wp-content\/uploads\/2020\/10\/Cyrk-850x450-1-768x407.jpg 768w\" sizes=\"auto, (max-width: 850px) 100vw, 850px\" \/><figcaption class=\"wp-element-caption\"><a href=\"https:\/\/htb.com.pl\/wp-content\/uploads\/2020\/09\/Ostarnie-tragedie.mp3\">TRAGEDIE <img loading=\"lazy\" decoding=\"async\" width=\"28\" height=\"28\" class=\"wp-image-3476\" style=\"width: 28px;\" src=\"http:\/\/radiomaria.com.pl\/wp-content\/uploads\/2021\/08\/play-mikro.png\" alt=\"\"> TEGO TYGODNIA<\/a><\/figcaption><\/figure>\n\n\n\n<figure class=\"wp-block-image size-large\"><img loading=\"lazy\" decoding=\"async\" width=\"960\" height=\"642\" data-id=\"668\" src=\"http:\/\/radiomaria.com.pl\/wp-content\/uploads\/2020\/10\/BRAWO.jpg\" alt=\"\" class=\"wp-image-668\" srcset=\"http:\/\/radiomaria.com.pl\/wp-content\/uploads\/2020\/10\/BRAWO.jpg 960w, http:\/\/radiomaria.com.pl\/wp-content\/uploads\/2020\/10\/BRAWO-300x201.jpg 300w, http:\/\/radiomaria.com.pl\/wp-content\/uploads\/2020\/10\/BRAWO-768x514.jpg 768w\" sizes=\"auto, (max-width: 960px) 100vw, 960px\" \/><figcaption class=\"wp-element-caption\"><a href=\"https:\/\/htb.com.pl\/wp-content\/uploads\/2020\/08\/Uchadzi.mp3\"><img loading=\"lazy\" decoding=\"async\" width=\"28\" height=\"28\" class=\"wp-image-3476\" style=\"width: 28px;\" src=\"http:\/\/radiomaria.com.pl\/wp-content\/uploads\/2021\/08\/play-mikro.png\" alt=\"\">&#8222;UCHADZI&#8221;<\/a><\/figcaption><\/figure>\n<\/figure>\n","protected":false},"excerpt":{"rendered":"<p>NAPISY W ZDJECIACH S\u0104 AKTYWNE KLIKNIJ I S\u0141UCHAJ<\/p>\n","protected":false},"author":1,"featured_media":2456,"comment_status":"open","ping_status":"open","sticky":false,"template":"","format":"standard","meta":{"footnotes":""},"categories":[1],"tags":[17],"class_list":["post-629","post","type-post","status-publish","format-standard","has-post-thumbnail","hentry","category-bez-kategorii","tag-radio-maria-podcasty"],"_links":{"self":[{"href":"http:\/\/radiomaria.com.pl\/index.php?rest_route=\/wp\/v2\/posts\/629","targetHints":{"allow":["GET"]}}],"collection":[{"href":"http:\/\/radiomaria.com.pl\/index.php?rest_route=\/wp\/v2\/posts"}],"about":[{"href":"http:\/\/radiomaria.com.pl\/index.php?rest_route=\/wp\/v2\/types\/post"}],"author":[{"embeddable":true,"href":"http:\/\/radiomaria.com.pl\/index.php?rest_route=\/wp\/v2\/users\/1"}],"replies":[{"embeddable":true,"href":"http:\/\/radiomaria.com.pl\/index.php?rest_route=%2Fwp%2Fv2%2Fcomments&post=629"}],"version-history":[{"count":292,"href":"http:\/\/radiomaria.com.pl\/index.php?rest_route=\/wp\/v2\/posts\/629\/revisions"}],"predecessor-version":[{"id":18209,"href":"http:\/\/radiomaria.com.pl\/index.php?rest_route=\/wp\/v2\/posts\/629\/revisions\/18209"}],"wp:featuredmedia":[{"embeddable":true,"href":"http:\/\/radiomaria.com.pl\/index.php?rest_route=\/wp\/v2\/media\/2456"}],"wp:attachment":[{"href":"http:\/\/radiomaria.com.pl\/index.php?rest_route=%2Fwp%2Fv2%2Fmedia&parent=629"}],"wp:term":[{"taxonomy":"category","embeddable":true,"href":"http:\/\/radiomaria.com.pl\/index.php?rest_route=%2Fwp%2Fv2%2Fcategories&post=629"},{"taxonomy":"post_tag","embeddable":true,"href":"http:\/\/radiomaria.com.pl\/index.php?rest_route=%2Fwp%2Fv2%2Ftags&post=629"}],"curies":[{"name":"wp","href":"https:\/\/api.w.org\/{rel}","templated":true}]}}