{"id":4012,"date":"2020-08-31T08:02:00","date_gmt":"2020-08-31T06:02:00","guid":{"rendered":"http:\/\/radiomaria.com.pl\/?p=4012"},"modified":"2025-12-29T14:27:09","modified_gmt":"2025-12-29T13:27:09","slug":"cmentarze","status":"publish","type":"post","link":"http:\/\/radiomaria.com.pl\/?p=4012","title":{"rendered":"Cmentarze"},"content":{"rendered":"\n<figure class=\"wp-block-image size-large\"><a href=\"http:\/\/stacja.radiohost.pl\/customBoxes\/link\/568\/8d5a0\/type\/aplayer2\/\"><img loading=\"lazy\" decoding=\"async\" width=\"210\" height=\"62\" src=\"http:\/\/radiomaria.com.pl\/wp-content\/uploads\/2020\/09\/LOGO-PODCASTMA\u0141Y.png\" alt=\"\" class=\"wp-image-610\"\/><\/a><\/figure>\n\n\n\n<figure class=\"wp-block-image size-large\"><a href=\"http:\/\/stacja.radiohost.pl\/customBoxes\/link\/568\/8d5a0\/type\/aplayer2\/\"><img loading=\"lazy\" decoding=\"async\" width=\"141\" height=\"141\" src=\"http:\/\/radiomaria.com.pl\/wp-content\/uploads\/2021\/08\/play-bardzo-maly.png\" alt=\"\" class=\"wp-image-3445\"\/><\/a><\/figure>\n\n\n\n<h2 class=\"wp-block-heading\">Polskie cmentarze <\/h2>\n\n\n\n<figure class=\"wp-block-image size-large\"><a href=\"https:\/\/htb.com.pl\/?product=grob\"><img loading=\"lazy\" decoding=\"async\" width=\"540\" height=\"450\" src=\"http:\/\/radiomaria.com.pl\/wp-content\/uploads\/2021\/08\/cmentarz-540x450-1.jpg\" alt=\"\" class=\"wp-image-4015\" srcset=\"http:\/\/radiomaria.com.pl\/wp-content\/uploads\/2021\/08\/cmentarz-540x450-1.jpg 540w, http:\/\/radiomaria.com.pl\/wp-content\/uploads\/2021\/08\/cmentarz-540x450-1-300x250.jpg 300w\" sizes=\"auto, (max-width: 540px) 100vw, 540px\" \/><\/a><\/figure>\n\n\n\n<h2 class=\"wp-block-heading\">Tu mo\u017cesz umie\u015bci\u0107 zdj\u0119cie grobu osoby bliskiej.<\/h2>\n\n\n\n<h4 class=\"wp-block-heading\">Li<strong>nk mo\u017ce by\u0107 og\u00f3lnie dost\u0119pny, z has\u0142em lub widoczny tylko dla Ciebie. Opr\u00f3cz zdj\u0119cia mo\u017ce zawiera\u0107 pliki tekstowe i multimedialne. Za samo zdj\u0119cie op\u0142ata jednorazowa wynosi 5 z\u0142. Opcje dodatkowe &#8211; cena do uzgodnienia na 1 rok.  <a href=\"https:\/\/htb.com.pl\/?product=grob\">Wi\u0119cej <\/a><\/strong><\/h4>\n\n\n\n<p><\/p>\n\n\n\n<ul class=\"wp-block-list\">\n<li><a href=\"http:\/\/radiomaria.com.pl\/wp-content\/uploads\/2021\/09\/Witalisd.jpg\">P\u0142k Jakub Witold &#8222;Witalis&#8221; Chmura<\/a><\/li>\n\n\n\n<li><strong><a href=\"http:\/\/radiomaria.com.pl\/wp-content\/uploads\/2021\/08\/Andrzej-Maksymowicz.jpg\">Maksymowicz Andrzej &#8211; Ukraina, Kochowka Ma\u0142a.<\/a><\/strong><\/li>\n\n\n\n<li><a href=\"http:\/\/radiomaria.com.pl\/wp-content\/uploads\/2022\/06\/Nieznany.jpg\">Gr\u00f3b <strong>NIEZNANEGO \u017bO\u0141NIERZA<\/strong> na Cmentarzu Parafialnym w Zaklikowie.<\/a><\/li>\n\n\n\n<li><a href=\"https:\/\/htb.com.pl\/?p=113131\">Mogi\u0142a pod Borowem<\/a><\/li>\n<\/ul>\n\n\n\n<h2 class=\"wp-block-heading\">Cmentarz Parafialny w Zaklikowie<\/h2>\n\n\n\n<figure class=\"wp-block-image size-thumbnail\"><a href=\"http:\/\/cmentarzzaklikow.pl\/\"><img loading=\"lazy\" decoding=\"async\" width=\"150\" height=\"150\" src=\"http:\/\/radiomaria.com.pl\/wp-content\/uploads\/2021\/08\/Sw-Anna-150x150.jpg\" alt=\"\" class=\"wp-image-4013\"\/><\/a><\/figure>\n\n\n\n<p><\/p>\n","protected":false},"excerpt":{"rendered":"<p>MOI BLISCY<\/p>\n","protected":false},"author":1,"featured_media":4015,"comment_status":"open","ping_status":"open","sticky":false,"template":"","format":"standard","meta":{"footnotes":""},"categories":[1],"tags":[],"class_list":["post-4012","post","type-post","status-publish","format-standard","has-post-thumbnail","hentry","category-bez-kategorii"],"_links":{"self":[{"href":"http:\/\/radiomaria.com.pl\/index.php?rest_route=\/wp\/v2\/posts\/4012","targetHints":{"allow":["GET"]}}],"collection":[{"href":"http:\/\/radiomaria.com.pl\/index.php?rest_route=\/wp\/v2\/posts"}],"about":[{"href":"http:\/\/radiomaria.com.pl\/index.php?rest_route=\/wp\/v2\/types\/post"}],"author":[{"embeddable":true,"href":"http:\/\/radiomaria.com.pl\/index.php?rest_route=\/wp\/v2\/users\/1"}],"replies":[{"embeddable":true,"href":"http:\/\/radiomaria.com.pl\/index.php?rest_route=%2Fwp%2Fv2%2Fcomments&post=4012"}],"version-history":[{"count":25,"href":"http:\/\/radiomaria.com.pl\/index.php?rest_route=\/wp\/v2\/posts\/4012\/revisions"}],"predecessor-version":[{"id":18112,"href":"http:\/\/radiomaria.com.pl\/index.php?rest_route=\/wp\/v2\/posts\/4012\/revisions\/18112"}],"wp:featuredmedia":[{"embeddable":true,"href":"http:\/\/radiomaria.com.pl\/index.php?rest_route=\/wp\/v2\/media\/4015"}],"wp:attachment":[{"href":"http:\/\/radiomaria.com.pl\/index.php?rest_route=%2Fwp%2Fv2%2Fmedia&parent=4012"}],"wp:term":[{"taxonomy":"category","embeddable":true,"href":"http:\/\/radiomaria.com.pl\/index.php?rest_route=%2Fwp%2Fv2%2Fcategories&post=4012"},{"taxonomy":"post_tag","embeddable":true,"href":"http:\/\/radiomaria.com.pl\/index.php?rest_route=%2Fwp%2Fv2%2Ftags&post=4012"}],"curies":[{"name":"wp","href":"https:\/\/api.w.org\/{rel}","templated":true}]}}