{"id":358,"date":"2020-09-02T07:02:53","date_gmt":"2020-09-02T05:02:53","guid":{"rendered":"http:\/\/radiomaria.com.pl\/?p=358"},"modified":"2024-04-15T12:08:06","modified_gmt":"2024-04-15T10:08:06","slug":"radio-maria-bialorus","status":"publish","type":"post","link":"http:\/\/radiomaria.com.pl\/?p=358","title":{"rendered":"RADIO MARIA BIA\u0141ORU\u015a"},"content":{"rendered":"\n<figure class=\"wp-block-image size-large\"><a href=\"https:\/\/radiomaria.by\/player\/\"><img loading=\"lazy\" decoding=\"async\" width=\"160\" height=\"85\" src=\"http:\/\/radiomaria.com.pl\/wp-content\/uploads\/2020\/06\/Radio-Maria.png\" alt=\"\" class=\"wp-image-6\"\/><\/a><\/figure>\n\n\n\n<p>Prosz\u0119 klikn\u0105\u0107 zdj\u0119cie (miniaturk\u0119) i s\u0142ucha\u0107 S\u0142owa Bo\u017cego w j\u0119zyku Narodu Bia\u0142oruskieo.<\/p>\n\n\n\n<p>Mo\u017ce ju\u017c blisko jest ta chwila, o kt\u00f3rej Marysia m\u00f3wi\u0142a; <em>&#8222;<a href=\"https:\/\/htb.com.pl\/?p=17407\">Polska wtedy wolna i bezpieczna b\u0119dzie, jak granic z s\u0105siadami mia\u0142a nie b\u0119dzie&#8221;.<\/a><\/em><\/p>\n\n\n\n<p>Link do strony g\u0142\u00f3wnej Radia Maria Bia\u0142oru\u015b: <a href=\"https:\/\/radiomaria.by\/contact\">https:\/\/radiomaria.by\/contact<\/a><\/p>\n","protected":false},"excerpt":{"rendered":"<p>Prosz\u0119 klikn\u0105\u0107 zdj\u0119cie (miniaturk\u0119) i s\u0142ucha\u0107 S\u0142owa Bo\u017cego w j\u0119zyku Narodu Bia\u0142oruskieo. Mo\u017ce ju\u017c blisko jest ta chwila, o kt\u00f3rej Marysia m\u00f3wi\u0142a; &#8222;Polska wtedy wolna i bezpieczna b\u0119dzie, jak granic z s\u0105siadami mia\u0142a nie b\u0119dzie&#8221;. Link do strony g\u0142\u00f3wnej Radia Maria Bia\u0142oru\u015b: https:\/\/radiomaria.by\/contact<\/p>\n","protected":false},"author":1,"featured_media":806,"comment_status":"open","ping_status":"open","sticky":false,"template":"","format":"standard","meta":{"footnotes":""},"categories":[16],"tags":[],"class_list":["post-358","post","type-post","status-publish","format-standard","has-post-thumbnail","hentry","category-bialorus"],"_links":{"self":[{"href":"http:\/\/radiomaria.com.pl\/index.php?rest_route=\/wp\/v2\/posts\/358","targetHints":{"allow":["GET"]}}],"collection":[{"href":"http:\/\/radiomaria.com.pl\/index.php?rest_route=\/wp\/v2\/posts"}],"about":[{"href":"http:\/\/radiomaria.com.pl\/index.php?rest_route=\/wp\/v2\/types\/post"}],"author":[{"embeddable":true,"href":"http:\/\/radiomaria.com.pl\/index.php?rest_route=\/wp\/v2\/users\/1"}],"replies":[{"embeddable":true,"href":"http:\/\/radiomaria.com.pl\/index.php?rest_route=%2Fwp%2Fv2%2Fcomments&post=358"}],"version-history":[{"count":12,"href":"http:\/\/radiomaria.com.pl\/index.php?rest_route=\/wp\/v2\/posts\/358\/revisions"}],"predecessor-version":[{"id":13323,"href":"http:\/\/radiomaria.com.pl\/index.php?rest_route=\/wp\/v2\/posts\/358\/revisions\/13323"}],"wp:featuredmedia":[{"embeddable":true,"href":"http:\/\/radiomaria.com.pl\/index.php?rest_route=\/wp\/v2\/media\/806"}],"wp:attachment":[{"href":"http:\/\/radiomaria.com.pl\/index.php?rest_route=%2Fwp%2Fv2%2Fmedia&parent=358"}],"wp:term":[{"taxonomy":"category","embeddable":true,"href":"http:\/\/radiomaria.com.pl\/index.php?rest_route=%2Fwp%2Fv2%2Fcategories&post=358"},{"taxonomy":"post_tag","embeddable":true,"href":"http:\/\/radiomaria.com.pl\/index.php?rest_route=%2Fwp%2Fv2%2Ftags&post=358"}],"curies":[{"name":"wp","href":"https:\/\/api.w.org\/{rel}","templated":true}]}}