{"id":17007,"date":"2024-08-03T18:23:12","date_gmt":"2024-08-03T16:23:12","guid":{"rendered":"http:\/\/radiomaria.com.pl\/?p=17007"},"modified":"2026-01-14T18:21:05","modified_gmt":"2026-01-14T17:21:05","slug":"klub","status":"publish","type":"post","link":"http:\/\/radiomaria.com.pl\/?p=17007","title":{"rendered":"Klub"},"content":{"rendered":"\n<h2 class=\"wp-block-heading\">Strona po\u015bwi\u0119cona promocjom, imprezom itp. organizowanym przez Radio MARIA.<\/h2>\n\n\n\n<p><strong>Prosz\u0119 obserwowa\u0107 t\u0105 stron\u0105. To zdj\u0119cia z ostatniej imprezy w Janowie Lubelskim.<\/strong><\/p>\n\n\n\n<figure class=\"wp-block-gallery has-nested-images columns-default is-cropped wp-block-gallery-1 is-layout-flex wp-block-gallery-is-layout-flex\">\n<figure class=\"wp-block-image size-full\"><img loading=\"lazy\" decoding=\"async\" width=\"536\" height=\"954\" data-id=\"18198\" src=\"http:\/\/radiomaria.com.pl\/wp-content\/uploads\/2026\/01\/MareguGreka.jpg\" alt=\"\" class=\"wp-image-18198\" srcset=\"http:\/\/radiomaria.com.pl\/wp-content\/uploads\/2026\/01\/MareguGreka.jpg 536w, http:\/\/radiomaria.com.pl\/wp-content\/uploads\/2026\/01\/MareguGreka-169x300.jpg 169w\" sizes=\"auto, (max-width: 536px) 100vw, 536px\" \/><figcaption class=\"wp-element-caption\"><a href=\"http:\/\/radiomaria.com.pl\/wp-content\/uploads\/2026\/01\/10.01.2026.U-Greka.mp3\">Z Markiem u Greka <img loading=\"lazy\" decoding=\"async\" width=\"28\" height=\"28\" class=\"wp-image-3476\" style=\"width: 28px;\" src=\"http:\/\/radiomaria.com.pl\/wp-content\/uploads\/2021\/08\/play-mikro.png\" alt=\"\"> &#8211; Urodziny Dorotki<\/a><\/figcaption><\/figure>\n\n\n\n<figure class=\"wp-block-image size-large\"><img loading=\"lazy\" decoding=\"async\" width=\"737\" height=\"962\" data-id=\"17095\" src=\"http:\/\/radiomaria.com.pl\/wp-content\/uploads\/2025\/08\/Impreza1.jpg\" alt=\"\" class=\"wp-image-17095\" srcset=\"http:\/\/radiomaria.com.pl\/wp-content\/uploads\/2025\/08\/Impreza1.jpg 737w, http:\/\/radiomaria.com.pl\/wp-content\/uploads\/2025\/08\/Impreza1-230x300.jpg 230w\" sizes=\"auto, (max-width: 737px) 100vw, 737px\" \/><figcaption class=\"wp-element-caption\">Tak si\u0119 zaczyna\u0142o<\/figcaption><\/figure>\n\n\n\n<figure class=\"wp-block-image size-large\"><img loading=\"lazy\" decoding=\"async\" width=\"720\" height=\"608\" data-id=\"17096\" src=\"http:\/\/radiomaria.com.pl\/wp-content\/uploads\/2025\/08\/Impreza2.jpg\" alt=\"\" class=\"wp-image-17096\" srcset=\"http:\/\/radiomaria.com.pl\/wp-content\/uploads\/2025\/08\/Impreza2.jpg 720w, http:\/\/radiomaria.com.pl\/wp-content\/uploads\/2025\/08\/Impreza2-300x253.jpg 300w\" sizes=\"auto, (max-width: 720px) 100vw, 720px\" \/><figcaption class=\"wp-element-caption\">A tak jak ju\u017c troch\u0119 trwa\u0142o<\/figcaption><\/figure>\n<\/figure>\n\n\n\n<h2 class=\"wp-block-heading\">Dzi\u015b w KUCHNI RADIOWEJ (Bazar przy Hali Targowej) promocja na: <a href=\"https:\/\/htb.com.pl\/?product=serum-z-olejem-konopnym-dla-suchej-skory-50-ml\">Serum z olejem konopnym dla suchej sk\u00f3ry, 50 ml<\/a><\/h2>\n\n\n\n<p>Cena 5 z\u0142<\/p>\n","protected":false},"excerpt":{"rendered":"<p>Strona po\u015bwi\u0119cona promocjom, imprezom itp. organizowanym przez Radio MARIA. Prosz\u0119 obserwowa\u0107 t\u0105 stron\u0105. To zdj\u0119cia z ostatniej imprezy w Janowie Lubelskim. Dzi\u015b w KUCHNI RADIOWEJ (Bazar przy Hali Targowej) promocja na: Serum z olejem konopnym dla suchej sk\u00f3ry, 50 ml Cena 5 z\u0142<\/p>\n","protected":false},"author":1,"featured_media":17008,"comment_status":"open","ping_status":"closed","sticky":false,"template":"","format":"standard","meta":{"footnotes":""},"categories":[1],"tags":[38],"class_list":["post-17007","post","type-post","status-publish","format-standard","has-post-thumbnail","hentry","category-bez-kategorii","tag-radio-maria-klub"],"_links":{"self":[{"href":"http:\/\/radiomaria.com.pl\/index.php?rest_route=\/wp\/v2\/posts\/17007","targetHints":{"allow":["GET"]}}],"collection":[{"href":"http:\/\/radiomaria.com.pl\/index.php?rest_route=\/wp\/v2\/posts"}],"about":[{"href":"http:\/\/radiomaria.com.pl\/index.php?rest_route=\/wp\/v2\/types\/post"}],"author":[{"embeddable":true,"href":"http:\/\/radiomaria.com.pl\/index.php?rest_route=\/wp\/v2\/users\/1"}],"replies":[{"embeddable":true,"href":"http:\/\/radiomaria.com.pl\/index.php?rest_route=%2Fwp%2Fv2%2Fcomments&post=17007"}],"version-history":[{"count":41,"href":"http:\/\/radiomaria.com.pl\/index.php?rest_route=\/wp\/v2\/posts\/17007\/revisions"}],"predecessor-version":[{"id":18207,"href":"http:\/\/radiomaria.com.pl\/index.php?rest_route=\/wp\/v2\/posts\/17007\/revisions\/18207"}],"wp:featuredmedia":[{"embeddable":true,"href":"http:\/\/radiomaria.com.pl\/index.php?rest_route=\/wp\/v2\/media\/17008"}],"wp:attachment":[{"href":"http:\/\/radiomaria.com.pl\/index.php?rest_route=%2Fwp%2Fv2%2Fmedia&parent=17007"}],"wp:term":[{"taxonomy":"category","embeddable":true,"href":"http:\/\/radiomaria.com.pl\/index.php?rest_route=%2Fwp%2Fv2%2Fcategories&post=17007"},{"taxonomy":"post_tag","embeddable":true,"href":"http:\/\/radiomaria.com.pl\/index.php?rest_route=%2Fwp%2Fv2%2Ftags&post=17007"}],"curies":[{"name":"wp","href":"https:\/\/api.w.org\/{rel}","templated":true}]}}