{"id":1619,"date":"2021-02-07T18:12:00","date_gmt":"2021-02-07T17:12:00","guid":{"rendered":"http:\/\/radiomaria.com.pl\/?p=1619"},"modified":"2026-04-06T10:12:42","modified_gmt":"2026-04-06T08:12:42","slug":"audycje-2021","status":"publish","type":"post","link":"http:\/\/radiomaria.com.pl\/?p=1619","title":{"rendered":"Audycje arciwalne"},"content":{"rendered":"\n<figure class=\"wp-block-image size-large\"><a href=\"http:\/\/stacja.radiohost.pl\/customBoxes\/link\/568\/8d5a0\/type\/aplayer2\/\"><img loading=\"lazy\" decoding=\"async\" width=\"210\" height=\"62\" src=\"http:\/\/radiomaria.com.pl\/wp-content\/uploads\/2020\/09\/LOGO-PODCASTMA\u0141Y.png\" alt=\"\" class=\"wp-image-610\"\/><\/a><\/figure>\n\n\n\n<figure class=\"wp-block-image size-large\"><a href=\"http:\/\/stacja.radiohost.pl\/customBoxes\/link\/568\/8d5a0\/type\/aplayer2\/\"><img loading=\"lazy\" decoding=\"async\" width=\"141\" height=\"141\" src=\"http:\/\/radiomaria.com.pl\/wp-content\/uploads\/2021\/08\/play-bardzo-maly.png\" alt=\"\" class=\"wp-image-3445\"\/><\/a><\/figure>\n\n\n\n<figure class=\"wp-block-image size-thumbnail\"><a href=\"https:\/\/htb.com.pl\/?page_id=300\"><img loading=\"lazy\" decoding=\"async\" width=\"150\" height=\"150\" src=\"http:\/\/radiomaria.com.pl\/wp-content\/uploads\/2021\/04\/LOGO-W\u00d3ZEK-150x150.jpg\" alt=\"\" class=\"wp-image-2288\"\/><\/a><\/figure>\n\n\n\n<h2 class=\"wp-block-heading\">Blog <a href=\"https:\/\/htb.com.pl\/?cat=4\">&#8222;DATY I FAKTY&#8221;<\/a> to archiwum Radia MARIA. Moje zdj\u0119cie w s\u0142uchawkach <a href=\"https:\/\/htb.com.pl\/wp-content\/uploads\/2018\/10\/28-Spotkanie-po-latach-z-Tancerk%C4%85.mp3\"><img loading=\"lazy\" decoding=\"async\" width=\"150\" height=\"140\" class=\"wp-image-18\" style=\"width: 150px;\" src=\"http:\/\/radiomaria.com.pl\/wp-content\/uploads\/2020\/06\/posluchaj-1024x955-1.jpg\" alt=\"\" srcset=\"http:\/\/radiomaria.com.pl\/wp-content\/uploads\/2020\/06\/posluchaj-1024x955-1.jpg 1024w, http:\/\/radiomaria.com.pl\/wp-content\/uploads\/2020\/06\/posluchaj-1024x955-1-300x280.jpg 300w, http:\/\/radiomaria.com.pl\/wp-content\/uploads\/2020\/06\/posluchaj-1024x955-1-768x716.jpg 768w\" sizes=\"auto, (max-width: 150px) 100vw, 150px\" \/><\/a> oraz niekt\u00f3re zdj\u0119cia w tek\u015bcie bloga <a href=\"http:\/\/radiomaria.com.pl\/wp-content\/uploads\/2021\/02\/19.07.-W-przedwojennych-ksiazkach.mp3\"><img loading=\"lazy\" decoding=\"async\" width=\"150\" height=\"113\" class=\"wp-image-3299\" style=\"width: 150px;\" src=\"http:\/\/radiomaria.com.pl\/wp-content\/uploads\/2021\/02\/Witek.jpg\" alt=\"\" srcset=\"http:\/\/radiomaria.com.pl\/wp-content\/uploads\/2021\/02\/Witek.jpg 640w, http:\/\/radiomaria.com.pl\/wp-content\/uploads\/2021\/02\/Witek-300x225.jpg 300w\" sizes=\"auto, (max-width: 150px) 100vw, 150px\" \/><\/a>&nbsp;s\u0105 aktywne. Klikaj\u0105c je mo\u017cna ods\u0142ucha\u0107 archiwalne audycje, cz\u0119\u015b\u0107 audycji jest w <a href=\"http:\/\/radiomaria.com.pl\/?p=629\">PODCASTACH<\/a> i w poni\u017cszych linkach:<\/h2>\n\n\n\n<h2 class=\"wp-block-heading\">Rok 2026<\/h2>\n\n\n\n<ul class=\"wp-block-list\">\n<li><a href=\"http:\/\/radiomaria.com.pl\/wp-content\/uploads\/2026\/02\/06.02.-List-gonczy.mp3\">06.02. Zbigniew Ziobro poszukiwany LISTEM GO\u0143CZYM<\/a> <\/li>\n\n\n\n<li><a href=\"http:\/\/radiomaria.com.pl\/wp-content\/uploads\/2026\/04\/Nasz-Krzyz.mp3\"><img decoding=\"async\" class=\"wp-image-18349\" style=\"width: 150px;\" src=\"http:\/\/radiomaria.com.pl\/wp-content\/uploads\/2026\/02\/List-Gonczy.png\" alt=\"\">04.04. Po\u017car papieskiego krzy\u017ca. <img decoding=\"async\" class=\"wp-image-18711\" style=\"width: 150px;\" src=\"http:\/\/radiomaria.com.pl\/wp-content\/uploads\/2026\/04\/Splonal-Krzyzmaly.png\" alt=\"\"><\/a><\/li>\n<\/ul>\n\n\n\n<h2 class=\"wp-block-heading\">Rok 2025<\/h2>\n\n\n\n<ul class=\"wp-block-list\">\n<li>01.01. <a href=\"http:\/\/radiomaria.com.pl\/wp-content\/uploads\/2025\/01\/010125Zyczeniana2025.mp3\">\u017byczenia na 2025 rok od Radia MARIA.<\/a> <a href=\"http:\/\/radiomaria.com.pl\/wp-content\/uploads\/2025\/01\/010125Zyczeniana2025.mp3\"><img loading=\"lazy\" decoding=\"async\" width=\"150\" height=\"199\" class=\"wp-image-15382\" style=\"width: 150px;\" src=\"http:\/\/radiomaria.com.pl\/wp-content\/uploads\/2025\/01\/Choinka2025.jpg\" alt=\"\" srcset=\"http:\/\/radiomaria.com.pl\/wp-content\/uploads\/2025\/01\/Choinka2025.jpg 738w, http:\/\/radiomaria.com.pl\/wp-content\/uploads\/2025\/01\/Choinka2025-226x300.jpg 226w\" sizes=\"auto, (max-width: 150px) 100vw, 150px\" \/><\/a><\/li>\n<\/ul>\n\n\n\n<ul class=\"wp-block-list\">\n<li><a href=\"http:\/\/radiomaria.com.pl\/wp-content\/uploads\/2025\/01\/19.01.Mycie-rak.mp3\">19.01. Ska\u017cone owoce. <img loading=\"lazy\" decoding=\"async\" width=\"150\" height=\"100\" class=\"wp-image-15536\" style=\"width: 150px;\" src=\"http:\/\/radiomaria.com.pl\/wp-content\/uploads\/2025\/01\/Czarnejagody.jpg\" alt=\"\" srcset=\"http:\/\/radiomaria.com.pl\/wp-content\/uploads\/2025\/01\/Czarnejagody.jpg 988w, http:\/\/radiomaria.com.pl\/wp-content\/uploads\/2025\/01\/Czarnejagody-300x200.jpg 300w, http:\/\/radiomaria.com.pl\/wp-content\/uploads\/2025\/01\/Czarnejagody-768x511.jpg 768w\" sizes=\"auto, (max-width: 150px) 100vw, 150px\" \/><\/a><\/li>\n\n\n\n<li><a href=\"http:\/\/radiomaria.com.pl\/wp-content\/uploads\/2025\/04\/21.04-Zmarl-Papiez-Franciszek1.mp3\">21.04. Zmar\u0142 Papie\u017c Franciszek.<\/a> <a href=\"http:\/\/radiomaria.com.pl\/wp-content\/uploads\/2025\/04\/21.04-Zmarl-Papiez-Franciszek1.mp3\"><img loading=\"lazy\" decoding=\"async\" width=\"150\" height=\"85\" class=\"wp-image-16153\" style=\"width: 150px;\" src=\"http:\/\/radiomaria.com.pl\/wp-content\/uploads\/2025\/04\/PapiezF.png\" alt=\"\" srcset=\"http:\/\/radiomaria.com.pl\/wp-content\/uploads\/2025\/04\/PapiezF.png 977w, http:\/\/radiomaria.com.pl\/wp-content\/uploads\/2025\/04\/PapiezF-300x169.png 300w, http:\/\/radiomaria.com.pl\/wp-content\/uploads\/2025\/04\/PapiezF-768x434.png 768w\" sizes=\"auto, (max-width: 150px) 100vw, 150px\" \/><\/a><\/li>\n\n\n\n<li><\/li>\n\n\n\n<li><a href=\"http:\/\/radiomaria.com.pl\/wp-content\/uploads\/2025\/04\/26.04.Pogrzeb-Franciszka.mp3\">26.04. Pogrzeb Papie\u017ca Franciszka.<\/a> <\/li>\n\n\n\n<li><a href=\"http:\/\/radiomaria.com.pl\/wp-content\/uploads\/2025\/06\/77-rocznica-smierci-Pileckiego1.mp3\">25.05. 77. rocznica \u015bmierci Rotmistrza Witolda Pileckiego.<\/a><a href=\"http:\/\/radiomaria.com.pl\/wp-content\/uploads\/2025\/04\/26.04.Pogrzeb-Franciszka.mp3\"> <\/a><a href=\"http:\/\/radiomaria.com.pl\/wp-content\/uploads\/2025\/06\/77-rocznica-smierci-Pileckiego1.mp3\"><img loading=\"lazy\" decoding=\"async\" width=\"150\" height=\"266\" class=\"wp-image-16427\" style=\"width: 150px;\" src=\"http:\/\/radiomaria.com.pl\/wp-content\/uploads\/2025\/05\/pILECKI.jpg\" alt=\"\" srcset=\"http:\/\/radiomaria.com.pl\/wp-content\/uploads\/2025\/05\/pILECKI.jpg 827w, http:\/\/radiomaria.com.pl\/wp-content\/uploads\/2025\/05\/pILECKI-169x300.jpg 169w, http:\/\/radiomaria.com.pl\/wp-content\/uploads\/2025\/05\/pILECKI-576x1024.jpg 576w, http:\/\/radiomaria.com.pl\/wp-content\/uploads\/2025\/05\/pILECKI-768x1364.jpg 768w\" sizes=\"auto, (max-width: 150px) 100vw, 150px\" \/><\/a><\/li>\n\n\n\n<li><a href=\"http:\/\/radiomaria.com.pl\/wp-content\/uploads\/2025\/07\/Ozzy-Osbourne-nie-zyje.mp3\">30.07. Nie \u017cyje Ozzy Osbourne<\/a> <a href=\"http:\/\/radiomaria.com.pl\/wp-content\/uploads\/2025\/07\/Ozzy-Osbourne-nie-zyje.mp3\"><img loading=\"lazy\" decoding=\"async\" width=\"150\" height=\"102\" class=\"wp-image-16964\" style=\"width: 150px;\" src=\"http:\/\/radiomaria.com.pl\/wp-content\/uploads\/2025\/07\/PogrzebO.jpg\" alt=\"\" srcset=\"http:\/\/radiomaria.com.pl\/wp-content\/uploads\/2025\/07\/PogrzebO.jpg 976w, http:\/\/radiomaria.com.pl\/wp-content\/uploads\/2025\/07\/PogrzebO-300x204.jpg 300w, http:\/\/radiomaria.com.pl\/wp-content\/uploads\/2025\/07\/PogrzebO-768x522.jpg 768w\" sizes=\"auto, (max-width: 150px) 100vw, 150px\" \/><\/a><\/li>\n\n\n\n<li><a href=\"http:\/\/radiomaria.com.pl\/wp-content\/uploads\/2025\/09\/07.09.Mercorsur.mp3\">07.09. <strong>Europejska Unia\u2013Mercosur \u2013 umowa o wolnym handlu<\/strong><\/a><a href=\"http:\/\/radiomaria.com.pl\/wp-content\/uploads\/2025\/04\/26.04.Pogrzeb-Franciszka.mp3\"> <\/a><\/li>\n\n\n\n<li><a href=\"http:\/\/radiomaria.com.pl\/wp-content\/uploads\/2025\/10\/Wybor-Karola-Wojtyly-na-Papieza.mp3\">16.10. 16.10.1978. Polak Papie\u017cem<\/a><a href=\"http:\/\/radiomaria.com.pl\/wp-content\/uploads\/2025\/09\/07.09.Mercorsur.mp3\"> <\/a><a href=\"http:\/\/radiomaria.com.pl\/wp-content\/uploads\/2025\/10\/Wybor-Karola-Wojtyly-na-Papieza.mp3\"><img loading=\"lazy\" decoding=\"async\" width=\"150\" height=\"101\" class=\"wp-image-17594\" style=\"width: 150px;\" src=\"http:\/\/radiomaria.com.pl\/wp-content\/uploads\/2025\/10\/Papiez.jpg\" alt=\"\"><\/a><a href=\"http:\/\/radiomaria.com.pl\/wp-content\/uploads\/2025\/09\/07.09.Mercorsur.mp3\"><img decoding=\"async\" class=\"wp-image-17392\" style=\"width: 150px;\" src=\"http:\/\/radiomaria.com.pl\/wp-content\/uploads\/2021\/02\/Mercosur.png\" alt=\"\"><\/a><a href=\"http:\/\/radiomaria.com.pl\/wp-content\/uploads\/2025\/04\/26.04.Pogrzeb-Franciszka.mp3\"><img decoding=\"async\" class=\"wp-image-16195\" style=\"width: 150px;\" src=\"http:\/\/radiomaria.com.pl\/wp-content\/uploads\/2025\/04\/BazykikaFmaly.png\" alt=\"\"><\/a><\/li>\n<\/ul>\n\n\n\n<h2 class=\"wp-block-heading\">Rok 2024<\/h2>\n\n\n\n<ul class=\"wp-block-list\">\n<li>0<a href=\"http:\/\/radiomaria.com.pl\/wp-content\/uploads\/2024\/01\/A03.01.mp3\">3.01. o godzinie 13 porusz\u0119 temat wypowiedzi Jana Pietrzka w audycji Hejt Brake \u2013 na \u017cywo. Tel. do studia 519652500<\/a><\/li>\n<\/ul>\n\n\n\n<ul class=\"wp-block-list\">\n<li><a href=\"http:\/\/radiomaria.com.pl\/wp-content\/uploads\/2024\/01\/Jerzy-Skrzypczak.mp3\">17.01. Muzeum Historii Regionalnej \u201ePa\u0142acyk Oborskich\u201d&nbsp;w Mielcu.&nbsp;<strong>Wystawa Mielec w PRL. Ludzie, miejsca, wydarzenia \u2013 jeszcze tylko do 24 lutego 2024.<\/strong> By\u0142em widzia\u0142em &#8211; i wywiad z Panem dr. Jerzym Skrzypczakiem nagra\u0142em.<\/a><\/li>\n\n\n\n<li><a href=\"http:\/\/radiomaria.com.pl\/wp-content\/uploads\/2024\/02\/DzwoniFranek.mp3\">24.02. Dzwoni \u201eFranek\u201d.<\/a><\/li>\n<\/ul>\n\n\n\n<p><\/p>\n\n\n\n<ul class=\"wp-block-list\">\n<li><a href=\"http:\/\/radiomaria.com.pl\/wp-content\/uploads\/2022\/01\/Przygotowania-do-Powstania.mp3\">22.01. 161 lat temu wybuch\u0142o Powstanie Styczniowe. W archiwum Radia MARIA, (na blogu) s\u0105 opowiadania, jak nie nale\u017cy robi\u0107 powstania. Prosz\u0119 pos\u0142ucha\u0107 jednego z nich: \u201ePrzygotowania do powstania\u201d.<\/a><\/li>\n\n\n\n<li><a href=\"http:\/\/radiomaria.com.pl\/wp-content\/uploads\/2024\/02\/Dla-Slychaczy-Radia-MARIA.mp3\">13.02. Dla S\u0142uchaczy Radia MARIA z okazji DNIA RADIA.<\/a><\/li>\n<\/ul>\n\n\n\n<ul class=\"wp-block-list\">\n<li><a href=\"http:\/\/radiomaria.com.pl\/wp-content\/uploads\/2024\/01\/DemonstracjaModliborzyce.mp3\">24.01. Demonstracja rolnik\u00f3w Modliborzyce.<\/a> <\/li>\n\n\n\n<li><a href=\"http:\/\/radiomaria.com.pl\/wp-content\/uploads\/2024\/03\/RCB-Nowa-Deba2.mp3\">06.03. Alert RCB.<\/a><a href=\"http:\/\/radiomaria.com.pl\/wp-content\/uploads\/2024\/01\/DemonstracjaModliborzyce.mp3\"> <\/a><a href=\"http:\/\/radiomaria.com.pl\/wp-content\/uploads\/2024\/03\/RCB-Nowa-Deba2.mp3\"><img loading=\"lazy\" decoding=\"async\" width=\"150\" height=\"68\" class=\"wp-image-13086\" style=\"width: 150px;\" src=\"http:\/\/radiomaria.com.pl\/wp-content\/uploads\/2021\/02\/Alert-RCBmaly.png\" alt=\"\" srcset=\"http:\/\/radiomaria.com.pl\/wp-content\/uploads\/2021\/02\/Alert-RCBmaly.png 998w, http:\/\/radiomaria.com.pl\/wp-content\/uploads\/2021\/02\/Alert-RCBmaly-300x136.png 300w, http:\/\/radiomaria.com.pl\/wp-content\/uploads\/2021\/02\/Alert-RCBmaly-768x347.png 768w\" sizes=\"auto, (max-width: 150px) 100vw, 150px\" \/><\/a><\/li>\n\n\n\n<li><a href=\"http:\/\/radiomaria.com.pl\/wp-content\/uploads\/2024\/04\/DamianSobol.mp3\">04.04. Nie \u017cyje Damian Sob\u00f3l. Przemy\u015blanin zgin\u0105\u0142 w Strefie Gazy podczas ostrza\u0142u konw\u00f3j World Central Kitchen. Pozna\u0142em Damiana na polsko-ukrai\u0144skiej granicy, namiot WCK sta\u0142 obok\u00a0<a href=\"https:\/\/www.youtube.com\/watch?v=SIhru09zlWI\"><\/a>.<\/a><\/li>\n\n\n\n<li><a href=\"http:\/\/radiomaria.com.pl\/wp-content\/uploads\/2024\/04\/16.04.84-rocznice-Zbrodni-Katynskiej.mp3\">18.04. 84 rocznica Zbrodni Katy\u0144skiej.<\/a><\/li>\n\n\n\n<li><a href=\"http:\/\/radiomaria.com.pl\/wp-content\/uploads\/2024\/06\/A07.06-Smiers-Polskiego-Zolnierza-1.mp3\">07.06. <strong>Mateusz Sitek, szeregowy 1. Brygady Pancernej, zmar\u0142 po odniesieniu ran<\/strong>. Rodzinie przekazujemy wyrazy wsp\u00f3\u0142czucia.<\/a> <a href=\"http:\/\/radiomaria.com.pl\/wp-content\/uploads\/2024\/06\/A07.06-Smiers-Polskiego-Zolnierza-1.mp3\"><img loading=\"lazy\" decoding=\"async\" width=\"150\" height=\"212\" class=\"wp-image-13804\" style=\"width: 150px;\" src=\"http:\/\/radiomaria.com.pl\/wp-content\/uploads\/2024\/06\/GPd4BgBaAAA4sAH.jpg\" alt=\"\" srcset=\"http:\/\/radiomaria.com.pl\/wp-content\/uploads\/2024\/06\/GPd4BgBaAAA4sAH.jpg 636w, http:\/\/radiomaria.com.pl\/wp-content\/uploads\/2024\/06\/GPd4BgBaAAA4sAH-212x300.jpg 212w\" sizes=\"auto, (max-width: 150px) 100vw, 150px\" \/><\/a><\/li>\n\n\n\n<li><a href=\"http:\/\/radiomaria.com.pl\/wp-content\/uploads\/2024\/08\/06.08.Hiroszima-i-Nagasaki.mp3\">06.08. 79 lat temu Amerykanie zrzucili bomby atomowe na Hiroszim\u0119 i Nagasaki. W Radiu MARAIA pami\u0119tamy i ostrzegamy, bo ci\u0105gle z\u0142ych polityk\u00f3w wybieramy.<\/a> <a href=\"http:\/\/radiomaria.com.pl\/wp-content\/uploads\/2024\/08\/06.08.Hiroszima-i-Nagasaki.mp3\"><img loading=\"lazy\" decoding=\"async\" width=\"150\" height=\"102\" class=\"wp-image-14294\" style=\"width: 150px;\" src=\"http:\/\/radiomaria.com.pl\/wp-content\/uploads\/2024\/08\/Bomba.png\" alt=\"\" srcset=\"http:\/\/radiomaria.com.pl\/wp-content\/uploads\/2024\/08\/Bomba.png 658w, http:\/\/radiomaria.com.pl\/wp-content\/uploads\/2024\/08\/Bomba-300x203.png 300w\" sizes=\"auto, (max-width: 150px) 100vw, 150px\" \/><\/a><\/li>\n\n\n\n<li>2<a href=\"http:\/\/radiomaria.com.pl\/wp-content\/uploads\/2024\/08\/PulkownikEugeniuszPrzybylkowski.mp3\">2.08. Wywiad z Panem p\u0142k Eugeniuszem Przyby\u0142kowskim z Rzochowa k. Mielca.<\/a><\/li>\n\n\n\n<li><a href=\"http:\/\/radiomaria.com.pl\/wp-content\/uploads\/2024\/09\/05.09.Niemieckie-systemy-dla-Ukrainy.mp3\">05.09. Kanclerz Niemiec obiecuje Ukrainie systemy obrony powietrznej IRIS-T. \u201eDwa z nich zostan\u0105 dostarczone w tym roku\u201d.<\/a><\/li>\n\n\n\n<li><a href=\"http:\/\/radiomaria.com.pl\/wp-content\/uploads\/2024\/09\/26.09.NOC-17-na-18-wrzesnie-1939-rok.mp3\">17.09. Noc z 17-stego na 18 wrze\u015bnia 1939 roku, to najczarniejsza noc w historii Polski. Ucieczka wodza naczelnego Edwarda Rydza-\u015amig\u0142ego. <img loading=\"lazy\" decoding=\"async\" width=\"150\" height=\"96\" class=\"wp-image-11051\" style=\"width: 150px;\" src=\"http:\/\/radiomaria.com.pl\/wp-content\/uploads\/2023\/03\/Ucieczka.jpg\" alt=\"\" srcset=\"http:\/\/radiomaria.com.pl\/wp-content\/uploads\/2023\/03\/Ucieczka.jpg 637w, http:\/\/radiomaria.com.pl\/wp-content\/uploads\/2023\/03\/Ucieczka-300x191.jpg 300w\" sizes=\"auto, (max-width: 150px) 100vw, 150px\" \/><\/a><\/li>\n\n\n\n<li><a href=\"http:\/\/radiomaria.com.pl\/wp-content\/uploads\/2023\/03\/02.11.Halloween-po-Polsku.mp3\">01.11. <strong>Halloween<\/strong>&nbsp;po Polsku.<\/a> <a href=\"http:\/\/radiomaria.com.pl\/wp-content\/uploads\/2023\/03\/02.11.Halloween-po-Polsku.mp3\"><img decoding=\"async\" class=\"wp-image-14993\" style=\"width: 150px;\" src=\"http:\/\/radiomaria.com.pl\/wp-content\/uploads\/2024\/11\/CukierkiHmaly.png\" alt=\"\"><\/a><\/li>\n<\/ul>\n\n\n\n<h2 class=\"wp-block-heading\">Rok 2023.<\/h2>\n\n\n\n<ul class=\"wp-block-list\">\n<li><a href=\"http:\/\/radiomaria.com.pl\/wp-content\/uploads\/2023\/01\/Orszak-Trzech-Kroli-Mielec.mp3\">Orszak Trzech Kr\u00f3li w Mielcu<\/a> <a href=\"http:\/\/radiomaria.com.pl\/wp-content\/uploads\/2023\/01\/Orszak-Trzech-Kroli-Mielec.mp3\"><img decoding=\"async\" class=\"wp-image-8932\" style=\"width: 150px;\" src=\"http:\/\/radiomaria.com.pl\/wp-content\/uploads\/2023\/01\/orszk.jpg\" alt=\"\"><\/a><\/li>\n\n\n\n<li><a href=\"http:\/\/radiomaria.com.pl\/wp-content\/uploads\/2023\/01\/31.12.Benedykt-XVI-nie-zyje1.mp3\">Emerytowany papie\u017c Benedykt XVI, kard. Joseph Ratzinger, nie \u017cyje. Mia\u0142 95 lat. Informacj\u0119 o jego \u015bmierci przekaza\u0142 dyrektor biura prasowego Watykanu Matteo Bruni.<\/a><\/li>\n\n\n\n<li><a href=\"http:\/\/radiomaria.com.pl\/wp-content\/uploads\/2023\/01\/10.01.-Andrzej-Poczobut.mp3\">09.01. <strong>Grodzie\u0144ski S\u0105d Obwodowy kolejny raz odroczy\u0142 spraw\u0119 Andrzeja Poczobuta.<\/strong><\/a><\/li>\n\n\n\n<li><a href=\"http:\/\/radiomaria.com.pl\/wp-content\/uploads\/2023\/01\/12.01.Spotkanie.mp3\">12.01. Spotkanie w Watykanie \u2013 wkr\u00f3tce ju\u017c tylko to zdj\u0119cie po nim zostanie<\/a>. <a href=\"http:\/\/radiomaria.com.pl\/wp-content\/uploads\/2023\/01\/12.01.Spotkanie.mp3\"><img loading=\"lazy\" decoding=\"async\" width=\"150\" height=\"118\" class=\"wp-image-3080\" style=\"width: 150px;\" src=\"http:\/\/radiomaria.com.pl\/wp-content\/uploads\/2021\/07\/Album-dla-Papieza.png\" alt=\"\" srcset=\"http:\/\/radiomaria.com.pl\/wp-content\/uploads\/2021\/07\/Album-dla-Papieza.png 554w, http:\/\/radiomaria.com.pl\/wp-content\/uploads\/2021\/07\/Album-dla-Papieza-300x235.png 300w\" sizes=\"auto, (max-width: 150px) 100vw, 150px\" \/><\/a><\/li>\n\n\n\n<li><a href=\"http:\/\/radiomaria.com.pl\/wp-content\/uploads\/2023\/01\/Pytania-do-Frania-ranka-pytania-dotyczace-Powstania-Styczniowego.mp3\">25.01. Pytania do \u201eFrania\u201d Franek zadaje pytania dotycz\u0105ce Powstania \u2013 Styczniowego.<\/a><\/li>\n\n\n\n<li><a href=\"http:\/\/radiomaria.com.pl\/wp-content\/uploads\/2023\/02\/Pytania-do-Franiua-Turcja-Syraja-i-polskie-media.mp3\">08.02. Pytania do \u201eFrania\u201d \u2013 Turcja Syria i Polska. Tragedie losowe i nasza. \u0141\u0105czy je to, \u017ce nie mieszcz\u0105 si\u0119 w g\u0142owie, a o naszej to po\u0142owa Polak\u00f3w, \u017ce to sukces powie.<\/a><\/li>\n\n\n\n<li><a href=\"http:\/\/radiomaria.com.pl\/wp-content\/uploads\/2023\/02\/Pytania-do-Frania-alkoholizm.mp3\">22.02. Pytania do \u201eFrania\u201d \u2013 alkoholizm.<\/a> <a href=\"http:\/\/radiomaria.com.pl\/wp-content\/uploads\/2023\/02\/Pytania-do-Frania-alkoholizm.mp3\"><img loading=\"lazy\" decoding=\"async\" width=\"150\" height=\"100\" class=\"wp-image-9346\" style=\"width: 150px;\" src=\"http:\/\/radiomaria.com.pl\/wp-content\/uploads\/2023\/02\/typowemaly.jpeg\" alt=\"\" srcset=\"http:\/\/radiomaria.com.pl\/wp-content\/uploads\/2023\/02\/typowemaly.jpeg 980w, http:\/\/radiomaria.com.pl\/wp-content\/uploads\/2023\/02\/typowemaly-300x200.jpeg 300w, http:\/\/radiomaria.com.pl\/wp-content\/uploads\/2023\/02\/typowemaly-768x513.jpeg 768w\" sizes=\"auto, (max-width: 150px) 100vw, 150px\" \/><\/a><\/li>\n\n\n\n<li>05.03. <a href=\"http:\/\/radiomaria.com.pl\/wp-content\/uploads\/2023\/03\/05.03.Wojna-w-Ukrainie.mp3\"><img loading=\"lazy\" decoding=\"async\" width=\"150\" height=\"112\" class=\"wp-image-9418\" style=\"width: 150px;\" src=\"http:\/\/radiomaria.com.pl\/wp-content\/uploads\/2023\/03\/Bachmut.png\" alt=\"\" srcset=\"http:\/\/radiomaria.com.pl\/wp-content\/uploads\/2023\/03\/Bachmut.png 816w, http:\/\/radiomaria.com.pl\/wp-content\/uploads\/2023\/03\/Bachmut-300x223.png 300w, http:\/\/radiomaria.com.pl\/wp-content\/uploads\/2023\/03\/Bachmut-768x571.png 768w\" sizes=\"auto, (max-width: 150px) 100vw, 150px\" \/><\/a> <a href=\"http:\/\/radiomaria.com.pl\/wp-content\/uploads\/2023\/03\/05.03.Wojna-w-Ukrainie.mp3\">Zdj\u0119cie wykona\u0142 i&nbsp;opublikowa\u0142 holenderski fotoreporter Eddie van Wessel 17 listopada.&nbsp;<strong>Wida\u0107 na nim par\u0119 staruszk\u00f3w pocieszaj\u0105cych si\u0119 w&nbsp;szpitalu. Wcze\u015bniej ich dom zosta\u0142 zr\u00f3wnany z&nbsp;ziemi\u0105 przez rosyjsk\u0105 rakiet\u0119.<\/strong><\/a><\/li>\n\n\n\n<li><a href=\"http:\/\/radiomaria.com.pl\/wp-content\/uploads\/2023\/04\/10.04.Gleb-Karakulow.mp3\">10.04. Kapitan Gleb Karaku\u0142ow, ochroniarz Putuna zbieg\u0142 na zach\u00f3d.<\/a> <a href=\"http:\/\/radiomaria.com.pl\/wp-content\/uploads\/2023\/04\/10.04.Gleb-Karakulow.mp3\"><img loading=\"lazy\" decoding=\"async\" width=\"150\" height=\"89\" class=\"wp-image-9759\" style=\"width: 150px;\" src=\"http:\/\/radiomaria.com.pl\/wp-content\/uploads\/2023\/04\/Gleb-Karakulow.png\" alt=\"\" srcset=\"http:\/\/radiomaria.com.pl\/wp-content\/uploads\/2023\/04\/Gleb-Karakulow.png 868w, http:\/\/radiomaria.com.pl\/wp-content\/uploads\/2023\/04\/Gleb-Karakulow-300x179.png 300w, http:\/\/radiomaria.com.pl\/wp-content\/uploads\/2023\/04\/Gleb-Karakulow-768x457.png 768w\" sizes=\"auto, (max-width: 150px) 100vw, 150px\" \/><\/a><\/li>\n\n\n\n<li><a href=\"http:\/\/radiomaria.com.pl\/wp-content\/uploads\/2023\/03\/10.05.-Prowokacja-sie-nie-udala.mp3\">10.05. Arman Soldin dziennikarz AFP zgin\u0105\u0142 w Ukrainie. Relacjonowa\u0142 walki pod Bachmutem. To ju\u017c 15-sty dziennikarz, kt\u00f3ry tam zgin\u0105\u0142.<\/a> <a href=\"http:\/\/radiomaria.com.pl\/wp-content\/uploads\/2023\/03\/10.05.-Prowokacja-sie-nie-udala.mp3\"><img loading=\"lazy\" decoding=\"async\" width=\"150\" height=\"150\" class=\"wp-image-10052\" style=\"width: 150px;\" src=\"http:\/\/radiomaria.com.pl\/wp-content\/uploads\/2023\/05\/aYaluG-G_400x400.jpg\" alt=\"\" srcset=\"http:\/\/radiomaria.com.pl\/wp-content\/uploads\/2023\/05\/aYaluG-G_400x400.jpg 400w, http:\/\/radiomaria.com.pl\/wp-content\/uploads\/2023\/05\/aYaluG-G_400x400-300x300.jpg 300w, http:\/\/radiomaria.com.pl\/wp-content\/uploads\/2023\/05\/aYaluG-G_400x400-150x150.jpg 150w\" sizes=\"auto, (max-width: 150px) 100vw, 150px\" \/><\/a><\/li>\n\n\n\n<li><a href=\"http:\/\/radiomaria.com.pl\/wp-content\/uploads\/2023\/06\/08.06.-Katastrowa-w-Nowej-Kachowce1.mp3\">06.06. Rosjanie wysadzili zapor\u0119 w Nowej Kachowce.<\/a><\/li>\n\n\n\n<li><a href=\"http:\/\/radiomaria.com.pl\/wp-content\/uploads\/2023\/08\/23.08.legionella.mp3\" data-type=\"link\" data-id=\"http:\/\/radiomaria.com.pl\/wp-content\/uploads\/2023\/08\/23.08.legionella.mp3\">23.08. Legionella na Podkarpaciu.<\/a><\/li>\n\n\n\n<li><a href=\"http:\/\/radiomaria.com.pl\/wp-content\/uploads\/2023\/08\/26.08.Radiostop.mp3\" data-type=\"link\" data-id=\"http:\/\/radiomaria.com.pl\/wp-content\/uploads\/2023\/08\/26.08.Radiostop.mp3\">26.08. Sygna\u0142 Radio-Stop ma ratowa\u0107 \u017cycie na kolei. Aktualnie s\u0142u\u017cy do dezorganizacji, bo si\u0119 okaza\u0142o, \u017ce rz\u0105dowi wykolei\u0107 kolei do ko\u0144ca si\u0119 nie uda\u0142o<\/a>. <a href=\"http:\/\/radiomaria.com.pl\/wp-content\/uploads\/2023\/08\/29.08.-Dowcipnisie.mp3\" data-type=\"link\" data-id=\"http:\/\/radiomaria.com.pl\/wp-content\/uploads\/2023\/08\/29.08.-Dowcipnisie.mp3\">Kolejny materia\u0142 dotycz\u0105cy tej sprawy.<\/a><\/li>\n\n\n\n<li><a href=\"http:\/\/radiomaria.com.pl\/wp-content\/uploads\/2023\/09\/Synagoga-2023.mp3\" data-type=\"link\" data-id=\"http:\/\/radiomaria.com.pl\/wp-content\/uploads\/2023\/09\/Synagoga-2023.mp3\">15.09. 84 rocznica spalenia Mieleckiej Synagogi.<\/a><\/li>\n\n\n\n<li><a href=\"http:\/\/radiomaria.com.pl\/wp-content\/uploads\/2023\/08\/26.08.Radiostop.mp3\">26.08. Sygna\u0142 Radio-Stop ma ratowa\u0107 \u017cycie na kolei. Aktualnie s\u0142u\u017cy do dezorganizacji, bo si\u0119 okaza\u0142o, \u017ce rz\u0105dowi wykolei\u0107 kolei do ko\u0144ca si\u0119 nie uda\u0142o<\/a>. Kolejny materia\u0142 dotycz\u0105cy tej sprawy.<\/li>\n\n\n\n<li><a href=\"http:\/\/radiomaria.com.pl\/wp-content\/uploads\/2023\/09\/Audycja-na-zywo-Szturm-Berlinga.mp3\" data-type=\"link\" data-id=\"http:\/\/radiomaria.com.pl\/wp-content\/uploads\/2023\/09\/Audycja-na-zywo-Szturm-Berlinga.mp3\">15.09. Na Pomoc Powsta\u0144czej Warszawie \u2013 historia nieznana i metodycznie zapominana. <img loading=\"lazy\" decoding=\"async\" width=\"150\" height=\"77\" class=\"wp-image-4180\" style=\"width: 150px;\" src=\"http:\/\/radiomaria.com.pl\/wp-content\/uploads\/2021\/09\/Desant.png\" alt=\"\" srcset=\"http:\/\/radiomaria.com.pl\/wp-content\/uploads\/2021\/09\/Desant.png 807w, http:\/\/radiomaria.com.pl\/wp-content\/uploads\/2021\/09\/Desant-300x153.png 300w, http:\/\/radiomaria.com.pl\/wp-content\/uploads\/2021\/09\/Desant-768x392.png 768w\" sizes=\"auto, (max-width: 150px) 100vw, 150px\" \/><\/a><\/li>\n\n\n\n<li><a href=\"http:\/\/radiomaria.com.pl\/wp-content\/uploads\/2023\/03\/20.09.-Morawiecki-mowi-do-rzeczy.mp3\" data-type=\"link\" data-id=\"http:\/\/radiomaria.com.pl\/wp-content\/uploads\/2023\/03\/20.09.-Morawiecki-mowi-do-rzeczy.mp3\">23.06. Mateusz Morawiecki przestrzega przed w\u0142asn\u0105 parti\u0105 \u2013 troch\u0119 za p\u00f3\u017ano:)<\/a><\/li>\n\n\n\n<li><a href=\"http:\/\/radiomaria.com.pl\/wp-content\/uploads\/2023\/11\/The-Beatles-Now-And-Then-Official-Audio.mp3\">02.11. The Beatles opublikowali nowy utw\u00f3r \u201eNow And Then\u201d&nbsp;<\/a>. <a href=\"http:\/\/radiomaria.com.pl\/wp-content\/uploads\/2023\/11\/The-Beatles-Now-And-Then-Official-Audio.mp3\"><img decoding=\"async\" class=\"wp-image-11633\" style=\"width: 150px;\" src=\"http:\/\/radiomaria.com.pl\/wp-content\/uploads\/2023\/11\/The-Beatles-Now-And-Then-Official-Audio-mp3-image.png\" alt=\"\"><\/a><\/li>\n\n\n\n<li><a href=\"http:\/\/radiomaria.com.pl\/wp-content\/uploads\/2023\/11\/A24.11.-Dla-politykow.mp3\">24.11. Piosenka dla polityk\u00f3w od Radia MARIA.<\/a><\/li>\n\n\n\n<li><a href=\"http:\/\/radiomaria.com.pl\/wp-content\/uploads\/2023\/12\/Narodowy-Dzien-Zwycieskiego-Powstania-Wielkopolskiego.mp3\">27.12. 27 grudnia to Narodowy Dzie\u0144 Zwyci\u0119skiego Powstania Wielkopolskiego. Radio MARIA nada\u0142o na \u017cywo audycj\u0119 ze Skweru Ignacego Jana Paderewskiego w Mielcu.<\/a><\/li>\n<\/ul>\n\n\n\n<h2 class=\"wp-block-heading\">Rok 2022<\/h2>\n\n\n\n<ul class=\"wp-block-list\">\n<li><a href=\"http:\/\/radiomaria.com.pl\/wp-content\/uploads\/2022\/01\/Pytania-ndo-Frania-general-Sikorski.mp3\">05.01. Pytania do \u201eFrania\u201d \u2013 genera\u0142 W\u0142adys\u0142aw Sikorski.<\/a><\/li>\n\n\n\n<li><a href=\"http:\/\/radiomaria.com.pl\/wp-content\/uploads\/2023\/01\/Pytania-do-Frania-Trzech-Kroli.mp3\">06.01. Pytania do \u201eFrania\u201d \u2013 Trzech Kr\u00f3li.<\/a><\/li>\n<\/ul>\n\n\n\n<ul class=\"wp-block-list\">\n<li><a href=\"http:\/\/radiomaria.com.pl\/wp-content\/uploads\/2022\/01\/Wydarzenia-1956-i-1970..mp3\">12.01. Pytania do \u201eFrania\u201d \u2013 tragedie 1956 i 1970 roku.<\/a><\/li>\n<\/ul>\n\n\n\n<ul class=\"wp-block-list\">\n<li><a href=\"http:\/\/radiomaria.com.pl\/wp-content\/uploads\/2022\/01\/12.01.-Aramco.mp3\">12.01. I od nowa Polska Ludowa \u2013 teraz b\u0119dzie \u201earabowa\u201d. Orlen pozyska\u0142 arabskiego inwestora, koncern Aramco.<\/a><\/li>\n<\/ul>\n\n\n\n<ul class=\"wp-block-list\">\n<li><a href=\"http:\/\/radiomaria.com.pl\/wp-content\/uploads\/2022\/01\/13.01.-Amerykanie-i-Rosjanie-rozmawiaj.mp3\">13.01. USA przedstawi\u0142y Rosji propozycje dotycz\u0105ce rozmieszczenia pocisk\u00f3w rakietowych i ograniczenia \u0107wicze\u0144 wojskowych w Europie.<\/a><\/li>\n<\/ul>\n\n\n\n<ul class=\"wp-block-list\">\n<li><a href=\"http:\/\/radiomaria.com.pl\/wp-content\/uploads\/2022\/01\/26.01.-Modlitwa-o-pokoj.mp3\">26.01. <strong>Papie\u017c w \u015brod\u0119 modli\u0142 si\u0119 za pok\u00f3j na Ukrainie, wzywaj\u0105c, by poprzez dialog uda\u0142o si\u0119 przezwyci\u0119\u017cy\u0107 kryzys i wyj\u015b\u0107 z impasu mi\u0119dzy Zachodem a Rosj\u0105.<\/strong><\/a><\/li>\n<\/ul>\n\n\n\n<ul class=\"wp-block-list\">\n<li><a href=\"http:\/\/radiomaria.com.pl\/wp-content\/uploads\/2022\/01\/27.01.-Rocznica.mp3\">27.01. 27 stycznia, to 77 rocznica wyzwolenia obozu koncentracyjnego Auschwitz.<\/a><\/li>\n<\/ul>\n\n\n\n<ul class=\"wp-block-list\">\n<li><a href=\"http:\/\/radiomaria.com.pl\/wp-content\/uploads\/2022\/02\/Pytania-do-Frania-TSUE.mp3\">16.02. Pytania do \u201eFrania\u201d TSUE<\/a><\/li>\n<\/ul>\n\n\n\n<ul class=\"wp-block-list\">\n<li><a href=\"http:\/\/radiomaria.com.pl\/wp-content\/uploads\/2022\/02\/Kondolencje.mp3\">18.02. Witold Paszt nie \u017cyje \u2013 mia\u0142 68 lat, pokona\u0142 go Covid.<\/a><\/li>\n<\/ul>\n\n\n\n<ul class=\"wp-block-list\">\n<li><a href=\"http:\/\/radiomaria.com.pl\/wp-content\/uploads\/2022\/02\/Morderstwo-w-ZK.mp3\">23.02. Pytania do \u201eFrania\u201d \u2013 morderstwo w Rzeszowskim Zak\u0142adzie Karnym.<\/a><\/li>\n<\/ul>\n\n\n\n<ul class=\"wp-block-list\">\n<li><a href=\"http:\/\/radiomaria.com.pl\/wp-content\/uploads\/2022\/02\/A26.02.-Podkarpacie-sie-obroni.mp3\">28.02. Informacja, \u017ce Jaros\u0142aw Kaczy\u0144ski g\u0142osowa\u0142 przeciwko naszemu wej\u015bciu do NATO, to mo\u017ce by\u0107 fa\u0142szywa informacja, (fake news). G\u0142osowanie odby\u0142o si\u0119 17 litego, pan Jaros\u0142aw Kaczy\u0144ski by\u0142 wtedy w ROP Jana Olszewskiego ale nie ma go w wykazie g\u0142osuj\u0105cych. Moj\u0105 g\u0142osow\u0105 wypowied\u017a opar\u0142em na tym, co Kaczy\u0144ski pokaza\u0142 potem.<\/a><\/li>\n<\/ul>\n\n\n\n<ul class=\"wp-block-list\">\n<li><a href=\"http:\/\/radiomaria.com.pl\/wp-content\/uploads\/2022\/03\/Franek-i-Front-Morges.mp3\">01.03. &#8222;Franek&#8221; i Front Morges.<\/a><\/li>\n<\/ul>\n\n\n\n<ul class=\"wp-block-list\">\n<li><a href=\"http:\/\/radiomaria.com.pl\/wp-content\/uploads\/2022\/03\/Sasiadcalosc1.mp3\">08.03. Obiecana rozmowa z moim S\u0105siadem o J\u00f3zefie Pi\u0142sudskim \u2013 ta zaleg\u0142a.<\/a> A tu dwie cz\u0119\u015bci z tym samym Panem ale o katastrofie smole\u0144skiej: <strong><a href=\"http:\/\/radiomaria.com.pl\/wp-content\/uploads\/2022\/04\/Katastrofa-smolenska-jeden.mp3\">CZ\u0118\u015a\u0106 PIERWSZA<\/a> i<a href=\"http:\/\/radiomaria.com.pl\/wp-content\/uploads\/2022\/04\/Katastrofasmolenska2.mp3\"> CZ\u0118\u015a\u0106 DRUGA<\/a>.<\/strong><\/li>\n<\/ul>\n\n\n\n<ul class=\"wp-block-list\">\n<li><a href=\"http:\/\/radiomaria.com.pl\/wp-content\/uploads\/2022\/04\/A03.04.List-do-Mamy.mp3\">04.04. \u0411\u0435\u0441\u043f\u043b\u0430\u0442\u043d\u044b\u0435 \u0421\u041c\u0418 \u0434\u043b\u044f \u041c\u043e\u0441\u043a\u0432\u044b.<\/a><\/li>\n<\/ul>\n\n\n\n<ul class=\"wp-block-list\">\n<li><a href=\"http:\/\/radiomaria.com.pl\/wp-content\/uploads\/2022\/04\/Wszyscy-jestesmy-winni.mp3\">06.04. O Papie\u017cu rozmawiam z \u201eFrankiem\u201d<\/a><\/li>\n<\/ul>\n\n\n\n<ul class=\"wp-block-list\">\n<li><a href=\"http:\/\/radiomaria.com.pl\/wp-content\/uploads\/2022\/04\/21.04.Pniowek.mp3\">21.04. Wybuchy metanu w Kopalni Pni\u00f3wek.<\/a><\/li>\n<\/ul>\n\n\n\n<ul class=\"wp-block-list\">\n<li><a href=\"http:\/\/radiomaria.com.pl\/wp-content\/uploads\/2022\/04\/23.04.Zofiowka.mp3\">23.04. Jastrz\u0119bie-Zdr\u00f3j. Wstrz\u0105s w kopalni Zofi\u00f3wka. Poszukiwanych jest 10 g\u00f3rnik\u00f3w. Trwa akcja ratownicza.<\/a><\/li>\n<\/ul>\n\n\n\n<ul class=\"wp-block-list\">\n<li><a href=\"http:\/\/radiomaria.com.pl\/wp-content\/uploads\/2022\/05\/Pytania-do-Frania-Sikorski.mp3\">04.05. Pytania do \u201eFrania\u201d \u2013 por\u00f3wnujemy dw\u00f3ch premier\u00f3w Sikorskiego i Morawieckiego. Baltic Pipe, czyli ba\u0142tycka rura mo\u017ce pomo\u017ce zrozumie\u0107 dlaczego, Polska nie jest pot\u0119g\u0105, jak za czas\u00f3w Sikorskiego \u2013 cho\u0107 byli\u015bmy w gorszym po\u0142o\u017ceniu od dzisiejszego Narodu Ukrai\u0144skiego.<\/a><\/li>\n<\/ul>\n\n\n\n<ul class=\"wp-block-list\">\n<li><a href=\"http:\/\/radiomaria.com.pl\/wp-content\/uploads\/2022\/05\/A11.05Czy-literatura.mp3\">11.05. Mielec Osiedle \u2013 tu na tej \u0142aweczce 11.05. rozmawia\u0142em z Panem o Froncie Morges i nie tylko. Inny Pan kosi\u0142 traw\u0119 i to s\u0142ycha\u0107 \u2013 rozmowa jednak wyda\u0142a mi si\u0119 na tyle ciekawa, \u017ce j\u0105 wstawi\u0142em do ram\u00f3wki.<\/a><\/li>\n<\/ul>\n\n\n\n<ul class=\"wp-block-list\">\n<li><a href=\"http:\/\/radiomaria.com.pl\/wp-content\/uploads\/2022\/05\/Pytania-do-Frania-13-maja-piatek.mp3\">11.05. Pytania do \u201eFrania\u201d 13 maja pi\u0105tek.<\/a><\/li>\n\n\n\n<li><a href=\"http:\/\/radiomaria.com.pl\/wp-content\/uploads\/2022\/05\/17.05.Ukraina.mp3\">17.05. <strong>\u042d\u0432\u0430\u043a\u0443\u0430\u0446\u0438\u044f \u0440\u0430\u043d\u0435\u043d\u044b\u0445 \u0443\u043a\u0440\u0430\u0438\u043d\u0441\u043a\u0438\u0445 \u0441\u043e\u043b\u0434\u0430\u0442 \u0441 \u0410\u0437\u043e\u0432\u0441\u0442\u0430\u043b\u0438.<\/strong><\/a><\/li>\n\n\n\n<li><a href=\"http:\/\/radiomaria.com.pl\/wp-content\/uploads\/2022\/05\/Pytania-do-frania-Zolnierze-wykleci-czy-niezlomni1.mp3\">19.05. Pytania do \u201eFrania\u201d; \u017bo\u0142nierze Wykleci, czy Niez\u0142omni? Nowa inicjatywa Radia MARIA. Spr\u00f3bujemy zmieni\u0107 ustaw\u0119.<\/a><\/li>\n\n\n\n<li><a href=\"http:\/\/radiomaria.com.pl\/wp-content\/uploads\/2022\/05\/25.05.Granica.mp3\">25.05. <strong>\u201cWitamy w Guantanamo\u201d. Tymi s\u0142owami wita si\u0119 uchod\u017ac\u00f3w w o\u015brodkach dla cudzoziemc\u00f3w.<\/strong><\/a><\/li>\n\n\n\n<li><a href=\"http:\/\/radiomaria.com.pl\/wp-content\/uploads\/2022\/05\/Pytania-do-Frania-granica.mp3\">25.05. Pytania do \u201eFrania\u201d; rozmawiamy o uchod\u017acach z polsko-bia\u0142oruskiej granicy.<\/a> <\/li>\n\n\n\n<li><a href=\"http:\/\/radiomaria.com.pl\/wp-content\/uploads\/2022\/06\/Pytania-do-Frania-Plakat.mp3\">01.06. Pytania do \u201eFrania\u201d; Jasna G\u00f3ra, plakat Ryszarda Kaji. Omawiamy i cho\u0107 poj\u0119cia o sztuce plakatu nie mamy, to si\u0119 staramy.<\/a> Cz\u0119\u015b\u0107 druga; &#8222;Franek&#8221; otrzyma\u0142 fotografi\u0119 plakatu.<\/li>\n\n\n\n<li><a href=\"http:\/\/radiomaria.com.pl\/wp-content\/uploads\/2022\/06\/A02.06Sesnja-RadyMiejskiej-w-Mielcu.mp3\">02.06. Sesja rady Miejskiej w Mielcu, kt\u00f3ra 02 czerwca obradowa\u0142a, w opinii Radia MARIA w nurt krermlowskiej propagandy si\u0119 wpisa\u0142a. Marysia, kt\u00f3ra nasze radio wymy\u015bli\u0142a, ju\u017c w 1987 roku m\u00f3wi\u0142a, \u017ce ch\u0142opaki z razwietpura GRU maj\u0105 zadanie; chwalebnych kart z naszej historii wymazywanie. Oto nasze sprawozdanie, kt\u00f3re potwierdza powy\u017csze zdanie.<\/a> Na tej sesji powsta\u0142 jeszcze jeden materia\u0142; <a href=\"http:\/\/radiomaria.com.pl\/wp-content\/uploads\/2022\/06\/Wolnosc-gospodarcza.mp3\">Tu kolejna relacja z tej sesji, dotyczy w\u0105tku gospodarczego, czyli dla obecnej w\u0142adzy kompletnie nieistotnego i to jest cos bardzo z\u0142ego.<\/a><\/li>\n\n\n\n<li><a href=\"http:\/\/radiomaria.com.pl\/wp-content\/uploads\/2022\/06\/05.06.Iga1_.mp3\">05.06. Iga \u015awi\u0105tek WYGRA\u0141A Roland Garros!<\/a><\/li>\n\n\n\n<li><a href=\"http:\/\/radiomaria.com.pl\/wp-content\/uploads\/2022\/06\/Wigilia78.mp3\">14.06. 78 rocznica najwi\u0119kszej bitwy partyzanckiej na ziemiach polskich. 12 czerwca 2022 roku (niedziela) Radio MARIA by\u0142o na Porytowym Wzg\u00f3rzu, w Lasach Janowskich. Oto nasza relacja.<\/a> Dalsza cz\u0119\u015b\u0107 relacji to film: <a href=\"https:\/\/www.youtube.com\/watch?v=GXm-CmVrKj8\">&#8222;PORYTOWE WZG\u00d3RZE 12.06.2022.&#8221;<\/a><\/li>\n\n\n\n<li><a href=\"http:\/\/radiomaria.com.pl\/wp-content\/uploads\/2022\/06\/A12.06.Wywiad-z-Panem-Bartoszem-Piech.mp3\">15.06. Wywiad z Panem Bartoszem Piech PSL<\/a><\/li>\n\n\n\n<li><a href=\"http:\/\/radiomaria.com.pl\/wp-content\/uploads\/2021\/02\/A20.06.-Pastor-Kosciola-Protestanckiego.mp3\">16.06. Radio MARIA przed mieleckim bazarem. Zio\u0142ami cz\u0119stujemy, za wywiad gratis opakowanie dajemy, a czasem sprzedajemy.<\/a><\/li>\n\n\n\n<li><a href=\"http:\/\/radiomaria.com.pl\/wp-content\/uploads\/2022\/06\/Pytania-do-Frania-terroryzm.mp3\">29.06. Pytania do \u201eFrania\u201d \u2013 terroryzm.<\/a><\/li>\n\n\n\n<li><a href=\"http:\/\/radiomaria.com.pl\/wp-content\/uploads\/2022\/07\/09.07.Klasyczny-zamach-terrorystyczny.mp3\">11.07. Shinzo Abe nie \u017cyje. By\u0142y premier Japonii zmar\u0142 po postrzeleniu na wiecu.<\/a><\/li>\n\n\n\n<li><a href=\"http:\/\/radiomaria.com.pl\/wp-content\/uploads\/2022\/07\/A13.07.Lubudubu.mp3\">16.07. \u0141ubu dubu \u2013 tym razem jako radiowy dowcip. Wykorzystano nie\u015bmiertelne nagrania nie\u017cyj\u0105cego Jerzego Turka. Do m\u0142odych \u2013 Kochani uwa\u017cajcie, bo szykuje si\u0119\u2026<\/a><audio src=\"http:\/\/radiomaria.com.pl\/wp-content\/uploads\/2021\/02\/A20.06.-Pastor-Kosciola-Protestanckiego.mp3\"><\/audio><\/li>\n<\/ul>\n\n\n\n<ul class=\"wp-block-list\">\n<li><a href=\"http:\/\/radiomaria.com.pl\/wp-content\/uploads\/2022\/07\/Pytania-do-Frania-Anna-Moskwa.mp3\">Pytania do \u201eFrania\u201d \u2013 Anna Moskwa. Mieli\u015bmy co\u015b do dodania, jak chodzi o ruskie knowania, w sprawie Polak\u00f3w sk\u0142\u00f3cania.<\/a> Cz\u0119\u015b\u0107 <a href=\"http:\/\/radiomaria.com.pl\/wp-content\/uploads\/2022\/08\/Pytania-do-Franiua-kontynulujemy-temat-Powstania.mp3\">druga.<\/a><\/li>\n\n\n\n<li><a href=\"http:\/\/radiomaria.com.pl\/wp-content\/uploads\/2022\/07\/Pytania-do-Frania-rocznica-Powstania-Warszawskiego.mp3\">27.07. Pytania do \u201eFrania\u201d \u2013 w 78 rocznic\u0119 wybuchu Powstania Warszawskiego.<\/a><\/li>\n\n\n\n<li><a href=\"http:\/\/radiomaria.com.pl\/wp-content\/uploads\/2022\/08\/Pod-Pomnikiem-AK.mp3\">01.08. 1 sierpnia 2022r. pod Pomnikiem Armii Krajowej w Mielcu.<\/a><\/li>\n\n\n\n<li><a href=\"http:\/\/radiomaria.com.pl\/wp-content\/uploads\/2022\/07\/Powstanie-Warszawskie-2022.mp3\">01.08. Pytania do Polak\u00f3w w rocznic\u0119 wybuchu Powstania Warszawskiego. S\u0142uchaj\u0105c przem\u00f3wienia Ignacego Jana Paderewskiego z roku 1939, spr\u00f3bujmy sobie odpowiedzie\u0107 \u2013 dlaczego dosz\u0142o do czego\u015b tak strasznego?<\/a><\/li>\n\n\n\n<li><a href=\"http:\/\/radiomaria.com.pl\/wp-content\/uploads\/2022\/08\/12.08.-Bitwa-Warszawska1.mp3\">15.08. Rocznica Bitwy Warszawskie &#8211; (&#8222;cudu nad Wis\u0142\u0105&#8221;) 13-25 pa\u017adziernika 1920 rok.<\/a><\/li>\n\n\n\n<li><a href=\"http:\/\/radiomaria.com.pl\/wp-content\/uploads\/2022\/08\/Pytania-do-Frania-Bareja.mp3\">17.08. Pytania do \u201eFrania\u201d \u2013 Bareja by tego nie wymy\u015bli\u0142. Rozmawiamy o tragedii ekologiczne, (nie tylko na Odrze).<\/a><\/li>\n\n\n\n<li><a href=\"http:\/\/radiomaria.com.pl\/wp-content\/uploads\/2022\/08\/Pytania-do-Frania-gazu-mamy.mp3\">24.08. Pytania do \u201eFrania\u201d \u2013 w \u015awi\u0119to Niepodleg\u0142o\u015bci Ukrainy, rozwa\u017camy jakie mamy magazyny ale do rozmowy o Ukrainie za tydzie\u0144 wr\u00f3cimy.<\/a><\/li>\n\n\n\n<li><a href=\"http:\/\/radiomaria.com.pl\/wp-content\/uploads\/2022\/08\/A29.08.-Wywiad-jasna-Gora.mp3\">29.08. Wypowied\u017a Pana z Samorz\u0105dowego Centrum Kultury w Mielcu na temat tego plakatu.<\/a><\/li>\n\n\n\n<li><a href=\"http:\/\/radiomaria.com.pl\/wp-content\/uploads\/2022\/08\/31.08.-Zmarl-Michail-Gorbaczow.mp3\">30.08. W wieku 91 lat zma\u0142 Michai\u0142 Gorbaczow by\u0142y prezydent ZSRR.<\/a><\/li>\n\n\n\n<li><a href=\"http:\/\/radiomaria.com.pl\/wp-content\/uploads\/2022\/09\/Pytania-do-Frania-Porozumienia-sierpniowe.mp3\">01.09. Pytania do \u201eFrania\u201d \u2013 Porozumienia sierpniowe.<\/a><\/li>\n\n\n\n<li><a href=\"http:\/\/radiomaria.com.pl\/wp-content\/uploads\/2022\/09\/A01.09.-PrZemowienie.mp3\">01.09. Przem\u00f3wienie Prezydenta Wo\u0142odymyra Za\u0142enskiego do Narodu Polskiego z okazji wrze\u015bnia 1939.<\/a><\/li>\n\n\n\n<li><a href=\"http:\/\/radiomaria.com.pl\/wp-content\/uploads\/2022\/09\/A02.09.-Poswiecenie-Pomnioka-calosc.mp3\">03.09. Ods\u0142oni\u0119cie Pomnika \u017bo\u0142nierzy Wykl\u0119tych Niez\u0142omnych w Mielcu.<\/a><\/li>\n\n\n\n<li><a href=\"http:\/\/radiomaria.com.pl\/wp-content\/uploads\/2022\/09\/Jerzy-Skrzypczak.mp3\">08.09. <strong>Na Cmentarzu Parafialnym w Mielcu ods\u0142oni\u0119to tablic\u0119 pami\u0105tkow\u0105 po\u015bwi\u0119con\u0105 \u015bp. starszemu posterunkowemu Policji Pa\u0144stwowej Antoniemu Krupie z Zakopanego.<\/strong><\/a><\/li>\n\n\n\n<li><a href=\"http:\/\/radiomaria.com.pl\/wp-content\/uploads\/2022\/09\/Pytania-do9-Frania-mianowanie-niminowanie.mp3\">14.09. Pytania do \u201eFrania\u201d \u2013 w pa\u0142acu prezydenckim problem zauwa\u017camy i o tym rozmawiamy.<\/a><\/li>\n\n\n\n<li><a href=\"http:\/\/radiomaria.com.pl\/wp-content\/uploads\/2022\/09\/Pytania-do-Frania-Tomasz-Wolek.mp3\">21.09. Pytania do \u201eFrania\u201d \u2013 Tomasz Wo\u0142ek nie \u017cyje, ko\u0144czy si\u0119 epoka rozmawiania, zaczyna si\u0119 epoka gadania i nie s\u0142uchania.<\/a><\/li>\n\n\n\n<li><a href=\"http:\/\/radiomaria.com.pl\/wp-content\/uploads\/2022\/09\/Pytania-do-Franie-kolokwialnie-komunisci.mp3\">28.09. Pytania do \u201eFrania\u201d \u2013 a oto co tym razem jest tematem naszego rozwa\u017cania; w 1938 r. Komintern zdecydowa\u0142 o rozwi\u0105zaniu Komunistycznej Partii Polskiej. Uznano j\u0105 za zinfiltrowan\u0105 przez polsk\u0105 policj\u0119 polityczn\u0105, a cz\u0142onk\u00f3w jej kierownictwa okre\u015blono, jako wrog\u00f3w klasowych. Zostali oni w wi\u0119kszo\u015bci zamordowani w Zwi\u0105zku Sowieckim.<\/a><\/li>\n\n\n\n<li><a href=\"http:\/\/radiomaria.com.pl\/wp-content\/uploads\/2022\/10\/Pytania-do-Frania-chwalimy.mp3\">05.10. Pytania do \u201eFrania\u201d \u2013 chwalimy J\u00f3zefa Pi\u0142sudskiego, a to w Radiu MARJA jest cos niezwyk\u0142ego.<\/a><\/li>\n\n\n\n<li><a href=\"http:\/\/radiomaria.com.pl\/wp-content\/uploads\/2022\/10\/Roman-Kokoszka-odc.-1.mp3\">05.10. Rozmowa z Panem Marianem Kokoszk\u0105 przewodnicz\u0105cym NSZZ Solidarno\u015b\u0107 PZL Mielec.<\/a> <img loading=\"lazy\" decoding=\"async\" width=\"150\" height=\"93\" class=\"wp-image-8059\" style=\"width: 150px;\" src=\"http:\/\/radiomaria.com.pl\/wp-content\/uploads\/2022\/10\/Sztandar.png\" alt=\"\" srcset=\"http:\/\/radiomaria.com.pl\/wp-content\/uploads\/2022\/10\/Sztandar.png 898w, http:\/\/radiomaria.com.pl\/wp-content\/uploads\/2022\/10\/Sztandar-300x185.png 300w, http:\/\/radiomaria.com.pl\/wp-content\/uploads\/2022\/10\/Sztandar-768x475.png 768w\" sizes=\"auto, (max-width: 150px) 100vw, 150px\" \/><\/li>\n\n\n\n<li><a href=\"http:\/\/radiomaria.com.pl\/wp-content\/uploads\/2022\/10\/Pytania-do-frania-no-i-jak.mp3\">19.10. 1 kwietnia 1656 roku \u2013 prima aprilis. Kr\u00f3l Jan Kazimierz zawierzy\u0142 Polsk\u0119 Matce Jezusa Chrystusa Marii &#8211; przy okazji sporo naobiecywa\u0142. To si\u0119 kolejnym w\u0142adcom bardzo spodoba\u0142o i dzi\u015b 366 lat po tym wydarzeniu, te\u017c si\u0119 rz\u0105dz\u0105cym nabra\u0107 nas uda\u0142o. Z \u201eFrankiem\u201d o tym rozmawiamy i si\u0119 zastanawiamy, dlaczego ci\u0105gle na puste obietnice si\u0119 nabieramy.<\/a><\/li>\n\n\n\n<li><a href=\"http:\/\/radiomaria.com.pl\/wp-content\/uploads\/2022\/11\/A09.11.-Prawda-to-zly-kierunek.mp3\">09.11. Prawda \u2013 boimy si\u0119 jej.&nbsp;Rozmowa telefoniczna z Pani\u0105 od fotowoltaiki.<\/a><\/li>\n\n\n\n<li><a href=\"http:\/\/radiomaria.com.pl\/wp-content\/uploads\/2022\/11\/Pytania-do-Frania-o-dawaniu-w-szyje.mp3\">09.11. Pytania do \u201eFrania\u201d \u2013 czy rechot sali po s\u0142owach Jaros\u0142awa Kaczy\u0144skiego \u2013 to co\u015b \u015bmiesznego?<\/a>\n<ul class=\"wp-block-list\">\n<li><a href=\"http:\/\/radiomaria.com.pl\/wp-content\/uploads\/2022\/11\/Pytania-do-Frania-o-wybuchu-w-Przewodowie.mp3\">17.11. Pytania do \u201eFrania\u201d \u2013 o wybuchu w Przewodowie.<\/a><\/li>\n\n\n\n<li><a href=\"http:\/\/radiomaria.com.pl\/wp-content\/uploads\/2022\/11\/Pytania-do-Frania-In-Vitro.mp3\">25.11. Pytania do \u201eFrania\u201d \u2013 rozmawiamy o In Vitro.<\/a><\/li>\n\n\n\n<li><a href=\"http:\/\/radiomaria.com.pl\/wp-content\/uploads\/2022\/12\/A-01.12.Taki-dla-In-Vitro-Orly.mp3\">01.12. Ciekawa rozmowa podczas zbierania podpis\u00f3w. Niezwyk\u0142y Mielczanin, rze\u017abiarz, tw\u00f3rca kolekcji \u201ePolskich Or\u0142\u00f3w\u201d. To tylko pocz\u0105tek wi\u0119kszego materia\u0142u. Rozmawiamy o&nbsp;\u015acianie Katy\u0144skiej&nbsp;przy Bazylice pw. \u015bw. Mateusza w&nbsp;Mielcu.&nbsp;<img loading=\"lazy\" decoding=\"async\" width=\"150\" height=\"104\" class=\"wp-image-8582\" style=\"width: 150px;\" src=\"http:\/\/radiomaria.com.pl\/wp-content\/uploads\/2022\/12\/Katynska.png\" alt=\"\" srcset=\"http:\/\/radiomaria.com.pl\/wp-content\/uploads\/2022\/12\/Katynska.png 693w, http:\/\/radiomaria.com.pl\/wp-content\/uploads\/2022\/12\/Katynska-300x208.png 300w\" sizes=\"auto, (max-width: 150px) 100vw, 150px\" \/><\/a><\/li>\n\n\n\n<li><a href=\"http:\/\/radiomaria.com.pl\/wp-content\/uploads\/2022\/12\/Pytania-do-Frania-bezwzhledne-dozywocie.mp3\">02.12. Pytania do \u201eFrania\u201d \u2013 bezwzgl\u0119dne do\u017cywocie.<\/a><\/li>\n\n\n\n<li><a href=\"http:\/\/radiomaria.com.pl\/wp-content\/uploads\/2022\/12\/13.12.Hermaszewski.mp3\">13.12. Zmar\u0142 genera\u0142 Miros\u0142aw Hermaszewski.<\/a> <a href=\"http:\/\/radiomaria.com.pl\/wp-content\/uploads\/2022\/12\/13.12.Hermaszewski.mp3\"><img decoding=\"async\" class=\"wp-image-8694\" style=\"width: 150px;\" src=\"http:\/\/radiomaria.com.pl\/wp-content\/uploads\/2022\/12\/Hermaszewski.png\" alt=\"\"><\/a><\/li>\n\n\n\n<li><a href=\"http:\/\/radiomaria.com.pl\/wp-content\/uploads\/2022\/12\/A13.12.Stan-wojenny.mp3\">13.12. Rocznica wprowadzenia stanu wojennego przez genera\u0142a Wojciecha Jaruzelskiego wg. Radia Marysinego.<\/a><\/li>\n<\/ul>\n<\/li>\n<\/ul>\n\n\n\n<h2 class=\"wp-block-heading\">Rok 2021<\/h2>\n\n\n\n<ul class=\"wp-block-list\">\n<li><a href=\"http:\/\/radiomaria.com.pl\/wp-content\/uploads\/2021\/01\/Normalne-%C5%BCycie.mp3\">O2.01. Wszystko b\u0119dzie dobrze \u2013 \u015bpiewaj\u0105 znani arty\u015bci w czasach koronawirusa.<\/a><\/li>\n\n\n\n<li><a href=\"http:\/\/radiomaria.com.pl\/wp-content\/uploads\/2021\/01\/6.1.-TCS.mp3\">06.01 Turniej Czterech Skoczni \u2013 dzi\u015b zako\u0144czenie.<\/a><\/li>\n\n\n\n<li><a href=\"http:\/\/radiomaria.com.pl\/wp-content\/uploads\/2021\/01\/7.1.-Stoch.mp3\">06.01. Kamil Stoch wygra\u0142 TCS.<\/a><\/li>\n\n\n\n<li><a href=\"http:\/\/radiomaria.com.pl\/wp-content\/uploads\/2021\/01\/7.1.Polska-sie-pogodzi%C5%82a-1.mp3\">06.01. Bitwa z populistami na Kapitolu \u2013 w USA.<\/a><\/li>\n\n\n\n<li><a href=\"http:\/\/radiomaria.com.pl\/wp-content\/uploads\/2021\/01\/7.1.-Co%C5%9B-dobrego-ok.mp3\">07.01. Amerykanie wygrali bitw\u0119 z populizmem \u2013 na Kapitolu.<\/a><\/li>\n\n\n\n<li><a href=\"http:\/\/radiomaria.com.pl\/wp-content\/uploads\/2021\/01\/Urodziny-Rawicka-ca%C5%82o%C5%9B%C4%87.mp3\">12.01. 12 stycznia 1987 roku Wojciech Jaruzelski spotka\u0142 sie z Papie\u017cem Janem Paw\u0142em II.<\/a><\/li>\n\n\n\n<li><a href=\"http:\/\/radiomaria.com.pl\/wp-content\/uploads\/2021\/01\/13.1.-Trujemy.mp3\">13.01. Niesamowite ale spad\u0142 \u015bnieg.<\/a><\/li>\n\n\n\n<li><a href=\"http:\/\/radiomaria.com.pl\/wp-content\/uploads\/2021\/01\/Pawe%C5%82-Adamowicz.mp3\">13.01. Druga rocznica \u015bmierci Paw\u0142a Adamowicza.<\/a><\/li>\n\n\n\n<li><a href=\"http:\/\/radiomaria.com.pl\/wp-content\/uploads\/2021\/01\/16.1.K-2-zdobyty.mp3\">16.01. Szczyt K 2 (8611 m n.p.m.) zdobyty zim\u0105!<\/a><\/li>\n\n\n\n<li><a href=\"http:\/\/radiomaria.com.pl\/wp-content\/uploads\/2021\/01\/Smog-pop.mp3\">19.10. Wywiad z Rzecznikiem Polskiego Alarmu Smogowego.<\/a><\/li>\n\n\n\n<li><a href=\"http:\/\/radiomaria.com.pl\/wp-content\/uploads\/2021\/01\/21.1.-Wr%C3%B3g.mp3\">20.01. Zaprzysie\u017cenie Joe Bidena i Kamali Harris.<\/a><\/li>\n\n\n\n<li><a href=\"http:\/\/radiomaria.com.pl\/wp-content\/uploads\/2021\/01\/Bitwa-pod-Bydlinem-D.mp3\">21.01. Bitwa pod Bydlinem (Krzywop\u0142otami) 16 \u2013 19 XI 1914 r.<\/a><\/li>\n\n\n\n<li><a href=\"http:\/\/radiomaria.com.pl\/wp-content\/uploads\/2021\/01\/Raszja.mp3\">23.01. Zmar\u0142 Larry King.<\/a><\/li>\n\n\n\n<li><a href=\"http:\/\/radiomaria.com.pl\/wp-content\/uploads\/2021\/01\/FranekZapowied%C5%BA.mp3\">27.01. Pytania do Frania \u2013 zapowied\u017a.<\/a><\/li>\n\n\n\n<li><a href=\"http:\/\/radiomaria.com.pl\/wp-content\/uploads\/2021\/02\/Energetyka-Franka.mp3\">05.02. Pytania do Frania \u2013 energetyka<\/a>.<\/li>\n\n\n\n<li>0<a href=\"http:\/\/radiomaria.com.pl\/wp-content\/uploads\/2021\/02\/Wywiad-z-Pos%C5%82em-Stefanem-Krajewskim.mp3\">9.02. Wywiad z Pos\u0142em Stefanem Krajewskim.<\/a><\/li>\n\n\n\n<li><a href=\"http:\/\/radiomaria.com.pl\/wp-content\/uploads\/2021\/02\/Apel.mp3\">10.02. PROTEST WOLNYCH MEDI\u00d3W.<\/a><\/li>\n\n\n\n<li><a href=\"http:\/\/radiomaria.com.pl\/wp-content\/uploads\/2021\/02\/Protest-wolnych-medi%C3%B3w.mp3\">11.02. PROTEST WOLNYCH MEDI\u00d3W \u2013 PODSUMOWANIE.<\/a><\/li>\n\n\n\n<li>13.02. Studni\u00f3wka \u2013 audycja nadana w 40-st\u0105 rocznic\u0119 mojej studni\u00f3wki. Gra\u0142 nam zesp\u00f3\u0142 Antki, stworzyli klimat jak gdyby gra\u0142a grupa&nbsp;<a href=\"http:\/\/radiomaria.com.pl\/wp-content\/uploads\/2021\/02\/The-Rubettes-Sugar-Baby-Love.mp3\">The Rubettes.<\/a><\/li>\n\n\n\n<li><a href=\"http:\/\/radiomaria.com.pl\/wp-content\/uploads\/2021\/02\/10.-Pani-%C5%81yb.mp3\">\u2013 Wywiad z nasz\u0105 polonistk\u0105.<\/a><\/li>\n\n\n\n<li><a href=\"http:\/\/radiomaria.com.pl\/wp-content\/uploads\/2021\/02\/10.-Ania.mp3\">\u2013 Wywiad z Ani\u0105.<\/a><\/li>\n\n\n\n<li><a href=\"http:\/\/radiomaria.com.pl\/wp-content\/uploads\/2021\/02\/10.-Krzysztof-d.mp3\">\u2013 Wywiad z Krzysztofem.<\/a><\/li>\n\n\n\n<li>16.02.&nbsp;<a href=\"http:\/\/radiomaria.com.pl\/wp-content\/uploads\/2021\/02\/Wywiad-z-Frankiem-1.mp3\">Kolejna rozmowa z Frankiem<\/a>.<\/li>\n\n\n\n<li>17.02. Zmar\u0142 ks. oskar\u017cony o pedofili\u0119&nbsp;<a href=\"http:\/\/radiomaria.com.pl\/wp-content\/uploads\/2021\/02\/Zmieni%C4%87-media.mp3\">\u2013 pos\u0142uchaj co o tym m\u00f3wimy.<\/a><\/li>\n\n\n\n<li>18.02. \u0141azik Perseverance wyl\u0105dowa\u0142 na Marsie! To pierwsze zdj\u0119cie jakie przes\u0142a\u0142 \u2013&nbsp;<a href=\"http:\/\/radiomaria.com.pl\/wp-content\/uploads\/2021\/02\/19.02.-Persiwerans.mp3\">pos\u0142uchaj.<\/a><\/li>\n\n\n\n<li>23.02. NASA udost\u0119pni\u0142a nagranie z l\u0105dowania \u0142azika Perseverance<a href=\"http:\/\/radiomaria.com.pl\/wp-content\/uploads\/2021\/02\/23.02.-L%C4%85dowanie.mp3\">&nbsp;\u2013 pos\u0142uchaj co o tym m\u00f3wimy.<\/a><\/li>\n\n\n\n<li>24.02. Inflacja \u2013 odwr\u00f3\u0107 tabel\u0119 i Polska na czele.&nbsp;<a href=\"http:\/\/radiomaria.com.pl\/wp-content\/uploads\/2021\/02\/24.02.-Z-torbami.mp3\">Pos\u0142uchaj naszego komentarza, w innych mediach taki si\u0119 nie zdarza.<\/a><\/li>\n\n\n\n<li>26.02. Marta Lempart OSK w PE&nbsp;<a href=\"http:\/\/radiomaria.com.pl\/wp-content\/uploads\/2021\/02\/2.02.-Marta-Lempart.mp3\">\u2013 nasz komentarz.<\/a><\/li>\n\n\n\n<li>26.02. Daniel Obajtek prezes PKN Orlen ma k\u0142opoty&nbsp;<a href=\"http:\/\/radiomaria.com.pl\/wp-content\/uploads\/2021\/02\/26.02.-Daniel-Obajtek.mp3\">\u2013 m\u00f3wimy o tym.<\/a><\/li>\n\n\n\n<li><a href=\"http:\/\/radiomaria.com.pl\/wp-content\/uploads\/2021\/02\/Obudzi\u0107-s\u0142o\u0144ce-z-toni.mp3\">28.02. R\u00f3\u017caniec Marysi &#8211; pocz\u0105tek, bez modlitwy.<\/a><\/li>\n\n\n\n<li><a href=\"http:\/\/radiomaria.com.pl\/wp-content\/uploads\/2021\/03\/Konkurs-i-rozwi\u0105zanie.mp3\">01.03. DZIE\u0143 PAMIECI \u017bO\u0141NIERZY WYKL\u0118TYCH &#8211; KONKURS.<\/a><\/li>\n\n\n\n<li><a href=\"http:\/\/radiomaria.com.pl\/wp-content\/uploads\/2021\/03\/01.03.-Prosz\u0119-pos\u0142ucha\u0107-ca\u0142o\u015b\u0107.mp3\">01.03. Dworzec Autobusowy w Mielcu &#8211; Pani wiedzia\u0142a jaki mamy dzie\u0144.<\/a><\/li>\n\n\n\n<li>02.03. TSUE wyda\u0142 wyrok ws. KRS. Co dalej z polskim s\u0105downictwem? Co dalej, to zobaczymy, my wiemy czemu tak jest. Od lat o tym m\u00f3wimy.<a href=\"http:\/\/radiomaria.com.pl\/wp-content\/uploads\/2021\/03\/02.03.-Mianowanie-powo%C5%82anie-i-zamieszanie.mp3\">&nbsp;Pos\u0142uchaj tego.<\/a><\/li>\n\n\n\n<li>04.03. Pe\u0142nomocnik Daniela Obajtka prosi o domniemanie niewinno\u015bci dla jego klienta \u2013 czy\u017cby strach?<a href=\"http:\/\/radiomaria.com.pl\/wp-content\/uploads\/2021\/03\/04.03.Domniemanie-niewinno%C5%9Bci.mp3\">&nbsp;Pos\u0142uchaj co jeszcze o tym m\u00f3wimy \u2013 my si\u0119 nie boimy.<\/a><\/li>\n\n\n\n<li>06.03. Tragiczny wypadek ukrai\u0144skiego autobusu pod Jaros\u0142awiem, 5 os\u00f3b nie \u017cyje<a href=\"http:\/\/radiomaria.com.pl\/wp-content\/uploads\/2021\/03\/06.03.-Wypadek-na-A4-of-5.mp3\">&nbsp;\u2013 wi\u0119cej.<\/a><\/li>\n\n\n\n<li>06.03. Unia Europejska sfinansuje budow\u0119 tunelu pod \u015awin\u0105 \u2013 chrzciny maszyny.&nbsp;<a href=\"http:\/\/radiomaria.com.pl\/wp-content\/uploads\/2021\/03\/06.03.-Chrzciny-maszyny.mp3\">Pos\u0142uchaj.<\/a><\/li>\n\n\n\n<li>06.03. Uroczysto\u015bci upami\u0119tniaj\u0105ce \u017bo\u0142nierzy Wykl\u0119tych na polanie w Szyd\u0142owcu \u2013&nbsp;<a href=\"http:\/\/radiomaria.com.pl\/wp-content\/uploads\/2021\/03\/Ona-si%C4%99-nie-myli%C5%82a.mp3\">pos\u0142uchaj.<\/a><\/li>\n\n\n\n<li><a href=\"http:\/\/radiomaria.com.pl\/wp-content\/uploads\/2021\/03\/10-Wojna-domowa-w-skr\u00f3t.mp3\">Mord pod Borowem.<\/a><\/li>\n\n\n\n<li>08.03. Dzie\u0144 Kobiet w Warszawie<a href=\"http:\/\/radiomaria.com.pl\/wp-content\/uploads\/2021\/03\/08.03.-Dzie%C5%84-Kobiet-w-Warszawie.mp3\"> &#8211; rozmawiaj\u0105, a przynajmniej si\u0119 staraj\u0105.<\/a><\/li>\n\n\n\n<li>08.03. Wywiad Oprah Winfrey z Meghan Markle&nbsp;<a href=\"http:\/\/radiomaria.com.pl\/wp-content\/uploads\/2021\/03\/10.03.-Wr%C3%B3cimy-do-tego.mp3\">\u2013 noo ale mo\u017ce pos\u0142uchajcie co.<\/a><\/li>\n\n\n\n<li>09.03. <strong>Prezydent Andrzej Duda podpisa\u0142<\/strong>&nbsp;ustaw\u0119 o 14-stej emeryturze. Ja tu widz\u0119 dzia\u0142anie jednego z jego doradc\u00f3w, pami\u0119tam jak ratowa\u0142 PZPR. Niech pan uwa\u017ca Panie prezydencie, wtedy si\u0119 nie uda\u0142o.<a href=\"http:\/\/radiomaria.com.pl\/wp-content\/uploads\/2021\/03\/09.03.-Korupcja.mp3\">&nbsp;-Pos\u0142uchaj co co si\u0119 teraz uda\u0107 mia\u0142o, bo to ju\u017c wida\u0107, \u017ce si\u0119 nie uda\u0142o.<\/a><\/li>\n\n\n\n<li>11.03. Ruszy\u0142a rozbi\u00f3rka konstrukcji elektrowni w Ostro\u0142\u0119ce. Jak za swoje si\u0119 buduje, to pieni\u0105dze si\u0119 szanuje. Pos\u0142uchaj i pomy\u015bl&nbsp;<a href=\"http:\/\/radiomaria.com.pl\/wp-content\/uploads\/2021\/03\/11.03.-EJZ-powt%C3%B3rka.mp3\">\u2013 bo g\u0142upota polityk\u00f3w nas rujnuje.<\/a><\/li>\n\n\n\n<li>11.03. ITER \u2013 niezwyk\u0142a technologia. Rozmawiam o tym z Frankiem, osadzonym odsiaduj\u0105cym d\u0142ugoletni wyrok.&nbsp;<a href=\"http:\/\/radiomaria.com.pl\/wp-content\/uploads\/2021\/03\/ITER.mp3\">Pos\u0142uchaj.<\/a><\/li>\n\n\n\n<li>12.03.  Wywiad z Panem Leszkiem Midur\u0105, Przewodnicz\u0105cym Zarz\u0105du Powiatowego Solidarnej Polski w Mielcu.<a href=\"http:\/\/radiomaria.com.pl\/wp-content\/uploads\/2021\/03\/Leszek-Midura-1.mp3\">&nbsp;Cz\u0119\u015b\u0107 pierwsza.&nbsp;<\/a><a href=\"http:\/\/radiomaria.com.pl\/wp-content\/uploads\/2021\/03\/Wywiad-z-Panem-Leszkiem-Miduur%C4%85-cz%C4%99%C5%9B%C4%87-II.mp3\">Cz\u0119\u015b\u0107 druga.<\/a>&nbsp;<a href=\"http:\/\/radiomaria.com.pl\/wp-content\/uploads\/2021\/03\/Wywiad-z-L.-Midur%C4%85-cz%C4%99%C5%9B%C4%87-III.mp3\">Cz\u0119\u015b\u0107 trzecia.<\/a>&nbsp;<a href=\"http:\/\/radiomaria.com.pl\/wp-content\/uploads\/2021\/03\/Wywiad-z-Panem-Leszkiem-Midur%C4%85-cz%C4%99%C5%9B%C4%87-IV.mp3\">Cz\u0119\u015b\u0107 czwarta.<\/a><\/li>\n\n\n\n<li>14.03.  S\u0119dzia Igor Tuleja i dualizm prawny&nbsp;<a href=\"http:\/\/radiomaria.com.pl\/wp-content\/uploads\/2021\/03\/14.03.-Dualizm-prawny.mp3\">\u2013 pos\u0142uchaj, komentarz nie jest zabawny.<\/a><\/li>\n\n\n\n<li>14.03. Zabawa du\u017cych dzieci w ma\u0142ych Indian.&nbsp;<a href=\"http:\/\/radiomaria.com.pl\/wp-content\/uploads\/2021\/03\/15.03.-Zabawa-du%C5%BCych.mp3\">Pos\u0142uchaj i pomy\u015bl \u2013 czy to co\u015b z\u0142ego?<\/a><\/li>\n\n\n\n<li>15.03. Wybory prezydenta Rzeszowa. Niezjednoczona prawica, kontra zjednoczona opozycja. Czemu dla nas Pan Kosiniak-Kamysz na rzeszowskim rynku wygl\u0105da zabawnie&nbsp;<a href=\"http:\/\/radiomaria.com.pl\/wp-content\/uploads\/2021\/03\/16.03.-Rzesz%C3%B3w-wybory-D.mp3\">\u2013 tu odpowied\u017a padnie.<\/a><\/li>\n\n\n\n<li>18.03. Kolejna rozmowa z Frankiem \u2013 to osadzony. Na zdj\u0119ciu w podcastach buduje Szopk\u0119 Bo\u017conarodzeniow\u0105 w ZK.&nbsp;<a href=\"http:\/\/radiomaria.com.pl\/wp-content\/uploads\/2021\/03\/Kolejna-rozmowa-z-Frankiem.mp3\">Rozmawiamy o tej, kt\u00f3ra tam Syna porodzi\u0142a, a ostatnio imi\u0119 zmieni\u0142a.<\/a><\/li>\n\n\n\n<li>19.03. 40-sta rocznica Wydarze\u0144 Bydgoskich<a href=\"http:\/\/radiomaria.com.pl\/wp-content\/uploads\/2021\/03\/Wydarzenia-Btydgoskie.mp3\">&nbsp;\u2013 z perspektywy Marysi.<\/a><\/li>\n\n\n\n<li><a href=\"http:\/\/radiomaria.com.pl\/wp-content\/uploads\/2021\/03\/20.03.-Mutacja.mp3\">20.03. Apel do Pos\u0142a Paw\u0142a Kukiza.<\/a><\/li>\n\n\n\n<li><a href=\"http:\/\/radiomaria.com.pl\/wp-content\/uploads\/2021\/03\/22.03.-India.mp3\">22.03. India Cosmetics &#8211; HERBATKA UODPARNIAJACA.<\/a><\/li>\n\n\n\n<li>23.03. Zgony w Polsce&nbsp;<a href=\"http:\/\/radiomaria.com.pl\/wp-content\/uploads\/2021\/03\/23.03.-Zgony.mp3\">\u2013 czarne czasy, to przed sob\u0105 mamy, bo historii nie znamy.<\/a><\/li>\n\n\n\n<li>23.03. No \u2013 politycy PiS mnie rozbawili. Po tym jak marsza\u0142ka Senatu Tomasza Grodzkiego korumpowali i skorumpowa\u0107 rady nie dali, chc\u0105 \u017ceby si\u0119 zgodzi\u0142&nbsp;<a href=\"http:\/\/radiomaria.com.pl\/wp-content\/uploads\/2021\/03\/23.0.-Grodzki.mp3\">\u2013 aby za korupcj\u0119 go ukarali:)<\/a><\/li>\n\n\n\n<li>23.03. Prezydenta RP nale\u017cy szanowa\u0107.&nbsp;<a href=\"http:\/\/radiomaria.com.pl\/wp-content\/uploads\/2021\/03\/23.03.Prezydent.mp3\">Gdyby\u015bcie Marysi\u0119 znali, te\u017c by\u015bcie tak uwa\u017cali.<\/a><\/li>\n\n\n\n<li>24.03. Pani And\u017celika Borys w polskich polityk\u00f3w uwierzy\u0142a i do wi\u0119zienia trafi\u0142a. No&nbsp;<a href=\"http:\/\/radiomaria.com.pl\/wp-content\/uploads\/2021\/03\/24.03.-Kaziuki.mp3\">\u2013 my te\u017c w nich w wi\u0119kszo\u015bci wierzymy ale wszyscy si\u0119 tam nie zmie\u015bcimy.<\/a><\/li>\n\n\n\n<li>24.03. \u201eTAK JEST\u201d w TVN 24 \u2013 Polskie Radio 24 w opowiadaniu bzdur pokona\u0142o. Pa\u0144stwo tego nie widzicie, bo z innej perspektywy patrzycie.&nbsp;<a href=\"http:\/\/radiomaria.com.pl\/wp-content\/uploads\/2021\/03\/25.03.TVN-24.mp3\">Pos\u0142uchajcie Radia MARYSINEGO, wtedy to zobaczycie.<\/a><\/li>\n\n\n\n<li>27.03. Dziewczyny \u2013 Polska b\u0119dzie Wasza albo\u2026&nbsp;<a href=\"http:\/\/radiomaria.com.pl\/wp-content\/uploads\/2021\/03\/27.03.-Czyja-Polska.mp3\">Pos\u0142uchaj<\/a><\/li>\n\n\n\n<li>28.03. <strong>Do ko\u0144ca pierwszego kwarta\u0142u zaszczepionych ma by\u0107 ponad 3 mln Polak\u00f3w. Takie by\u0142y prognozy rz\u0105du.<\/strong><\/li>\n<\/ul>\n\n\n\n<p>\u0141\u0105czna liczba zaszczepionych co najmniej jedn\u0105 dawk\u0105 szczepionki na Covid-19 na koniec I kwarta\u0142u wynosi prawie 4 miliony. \u0141yso co? Dobro pokona\u0142o z\u0142o. <a href=\"http:\/\/radiomaria.com.pl\/wp-content\/uploads\/2021\/03\/28.03.-Planowanie.mp3\">Gratulacje od Radia MARIA dla <em><strong>Ursula<\/strong><\/em>&nbsp;Gertrud&nbsp;<em><strong>von der Leyen<\/strong><\/em><\/a><\/p>\n\n\n\n<ul class=\"wp-block-list\">\n<li>29.03. Koszmar<a href=\"http:\/\/radiomaria.com.pl\/wp-content\/uploads\/2021\/03\/Rozwi%C4%85zanie-ca%C5%82o%C5%9B%C4%87.mp3\">&nbsp;\u2013 pos\u0142uchajcie co po g\u0142owie mi chodzi\u0142o i jak si\u0119 to sko\u0144czy\u0142o.<\/a><\/li>\n\n\n\n<li>31.03. Izabella Sierakowska nie \u017cyje&nbsp;<a href=\"http:\/\/radiomaria.com.pl\/wp-content\/uploads\/2021\/03\/Sierakowska-po%C5%BCegnanie.mp3\">\u2013 nasze po\u017cegnanie.<\/a><\/li>\n\n\n\n<li>01.04. Nowa ksi\u0105\u017cka Tomasza Pi\u0105tka<a href=\"http:\/\/radiomaria.com.pl\/wp-content\/uploads\/2021\/04\/01.04.-Niekompetencja.mp3\">&nbsp;\u2013 jeszcze w naszej ofercie nie mamy, pos\u0142uchajcie co o tym gadamy.<\/a><\/li>\n\n\n\n<li>01.04. Pytania do Frania&nbsp;<a href=\"http:\/\/radiomaria.com.pl\/wp-content\/uploads\/2021\/04\/Wielkanocna-rzmowa-z-Frankiem.mp3\">\u2013 kolejna rozmowa z osadzonym odsiaduj\u0105cym kar\u0119 pozbawienia wolno\u015bci. \u017byczenia \u015awi\u0105teczne sk\u0142adamy.<\/a><\/li>\n\n\n\n<li>01.04.  Populi\u015bci si\u0119 spotykaj\u0105 i UE os\u0142abiaj\u0105&nbsp;<a href=\"http:\/\/radiomaria.com.pl\/wp-content\/uploads\/2021\/04\/02.04.-Plan-Putina.mp3\">\u2013 tu m\u00f3wimy czyje plany maj\u0105.<\/a><\/li>\n\n\n\n<li>03.03. \u201e\u017byczenia\u201d premiera.&nbsp;<a href=\"http:\/\/radiomaria.com.pl\/wp-content\/uploads\/2021\/04\/03.03.-K%C5%82ama%C5%82.mp3\">Pos\u0142uchaj czemu s\u0142owo \u017cyczenia, cudzys\u0142\u00f3w zawiera.<\/a><\/li>\n\n\n\n<li>05.04. Krzysztof Krawczyk nie \u017cyje<a href=\"http:\/\/radiomaria.com.pl\/wp-content\/uploads\/2021\/04\/Krzysztof-Krawczyk.mp3\">&nbsp;\u2013 wspomnienie.<\/a><\/li>\n\n\n\n<li>06.04. Prezes RZESZOWSKIEGO CENTRUM MESYCZNEGO \u201eMEDYK\u201d doktor Stanis\u0142aw Mazur zaszczepi\u0142 mn\u00f3stwo ludzi i teraz si\u0119 t\u0142umaczy&nbsp;<a href=\"http:\/\/radiomaria.com.pl\/wp-content\/uploads\/2021\/04\/06.04.-Szczepienia-Rzesz%C3%B3w.mp3\">\u2013 pos\u0142uchaj co z perspektywy Marysi to znaczy.<\/a><\/li>\n\n\n\n<li>08.04. Niech mu pan prawd\u0119 prawd\u0119 powie&nbsp;<a href=\"http:\/\/radiomaria.com.pl\/wp-content\/uploads\/2021\/04\/07.04.-K%C5%82ami%C4%85.mp3\">\u2013 tu to czego premier Mateusz Morawiecki panu Jaros\u0142awowi Kaczy\u0144skiemu powiedzie\u0107 si\u0119 boi.<\/a><\/li>\n\n\n\n<li>09.04. Nie \u017cyje ksi\u0105\u017c\u0119 Filip, m\u0105\u017c brytyjskiej kr\u00f3lowej El\u017cbiety II i ojciec nast\u0119pcy tronu ksi\u0119cia Karola, dziadek ksi\u0105\u017c\u0105t Williama i Harry\u2019ego.&nbsp;<a href=\"http:\/\/radiomaria.com.pl\/wp-content\/uploads\/2021\/04\/09.04.-Ksi%C4%85ze-Filip-nie-%C5%BCyje.mp3\">Pos\u0142uchaj r\u00f3wnie\u017c tego.<\/a><\/li>\n\n\n\n<li>09.04. Raport COVID-19; ZAKA\u017bENIA -28487, ZMAR\u0141O \u2013 768. Te liczby to ludzie!&nbsp;<a href=\"http:\/\/radiomaria.com.pl\/wp-content\/uploads\/2021\/04\/10.04.-Nas-nie-b%C4%99dzie.mp3\">Pos\u0142uchaj.<\/a><\/li>\n\n\n\n<li>10.04. 11 rocznic\u0119 katastrofy smole\u0144skiej mamy \u2013&nbsp;<a href=\"http:\/\/radiomaria.com.pl\/wp-content\/uploads\/2021\/04\/To-mog%C5%82oby%C4%87-ostatnie-takie-pobrz%C4%99kiwanie.mp3\">w Radiu MARJA \u015bwi\u0119towa\u0107 nie zamierzamy ale ostrzegamy, bo znowu szabelk\u0105 brz\u0119kamy.<\/a><\/li>\n\n\n\n<li>11.04. Zlot Motocyklist\u00f3w na Jasnej G\u00f3rze. Jaka pandemia \u2013 my swoj\u0105 tradycj\u0119 mamy i nikogo nie s\u0142uchamy.&nbsp;<a href=\"http:\/\/radiomaria.com.pl\/wp-content\/uploads\/2021\/04\/11.04.-Rajd-Katy%C5%84ski.mp3\">Pos\u0142uchaj co o tym gadamy.<\/a><\/li>\n\n\n\n<li>12.04. S\u0142awomir Nowak zwolniony z aresztu \u015bledczego. S\u0105downictwo ci\u0105gle stoi po stronie porz\u0105dku prawnego, (rzymskiego), a nie bizantyjskiego.&nbsp;<a href=\"http:\/\/radiomaria.com.pl\/wp-content\/uploads\/2021\/04\/12.04.-S%C5%82awomir-N.mp3\">Pos\u0142uchaj tego.<\/a><\/li>\n\n\n\n<li>13.04. Zbigniew Ziobro traci nerwy \u2013 ciekawe co b\u0119dzie jak my stracimy.&nbsp;<a href=\"http:\/\/radiomaria.com.pl\/wp-content\/uploads\/2021\/04\/13.04.-Do%C5%9B%C4%87-tego.mp3\">Pos\u0142uchaj co o tym m\u00f3wimy.<\/a><\/li>\n\n\n\n<li>13.04. Pomnik \u017bo\u0142nierzy Wykl\u0119tych Niez\u0142omnych (w budowie) w Mielcu.&nbsp;<a href=\"http:\/\/radiomaria.com.pl\/wp-content\/uploads\/2021\/04\/Rozmowa-z-Panem-Rzeszutkiem.mp3\">Rozmowa z Panem Romanem Rzeszutkiem.<\/a><\/li>\n\n\n\n<li>14.04. Biskupi o szczepieniach<a href=\"http:\/\/radiomaria.com.pl\/wp-content\/uploads\/2021\/04\/15.04.-Z%C5%82y-ko%C5%84.mp3\">&nbsp;\u2013 pos\u0142uchaj co my o tym gadamy.<\/a><\/li>\n\n\n\n<li>15.04. Pytania do Frania \u2013 o podatkach rozmawiamy. Cytat z wpisu na blogu; DATY I FAKY&nbsp;<a href=\"https:\/\/htb.com.pl\/?p=246\">\u201eSpotkanie po latach\u201d<\/a>&nbsp;omawiamy&nbsp;<a href=\"http:\/\/radiomaria.com.pl\/wp-content\/uploads\/2021\/04\/Wywiad-z-Frankiem-podatki.mp3\">\u2013 do pos\u0142uchania zapraszamy.<\/a><\/li>\n\n\n\n<li>15.04. Rzecznika Praw Obywatelskich zlikwidowa\u0142o, jak chodzi o demokracj\u0119 nic ju\u017c nie zosta\u0142o.&nbsp;<a href=\"http:\/\/radiomaria.com.pl\/wp-content\/uploads\/2021\/04\/15.04.-Pokonani.mp3\">Pos\u0142uchaj co o tym m\u00f3wimy i pomy\u015bl \u2013 jak to si\u0119 sta\u0142o?<\/a><\/li>\n\n\n\n<li>18.04. Czesi si\u0119 odwa\u017cyli&nbsp;<a href=\"http:\/\/radiomaria.com.pl\/wp-content\/uploads\/2021\/04\/1804.-Czesi.mp3\">\u2013 pos\u0142uchaj co zrobili.<\/a><\/li>\n\n\n\n<li>18.04. W\u0142adimir Putin nasz\u0105 cierpliwo\u015b\u0107 testuje \u2013 prowokuje. Strachu nie czuje<a href=\"http:\/\/radiomaria.com.pl\/wp-content\/uploads\/2021\/04\/18.04.-Rosja.mp3\">&nbsp;\u2013 pos\u0142uchaj i pomy\u015bl, dlaczego tak si\u0119 zachowuje.<\/a><\/li>\n\n\n\n<li>18.04. Pani Beata Szyd\u0142o w Radzie Muzeum Auschwitz-Birkenau! Nie b\u0105d\u017a oboj\u0119tny<a href=\"http:\/\/radiomaria.com.pl\/wp-content\/uploads\/2021\/04\/18.04.-Beata-Szyd%C5%82o.mp3\">&nbsp;\u2013 pos\u0142uchaj.<\/a><\/li>\n\n\n\n<li>19.04. Alieksiej Nawalny umiera<a href=\"http:\/\/radiomaria.com.pl\/wp-content\/uploads\/2021\/04\/19.04.-Nawalny.mp3\">&nbsp;\u2013 podpowiadamy.<\/a><\/li>\n\n\n\n<li>20.04. Lekarze podj\u0119li decyzj\u0119 o przewiezieniu Aleksieja Nawalnego do szpitala we W\u0142odzimierzu, gdzie leczeni s\u0105 wi\u0119\u017aniowie \u2013 poda\u0142a w poniedzia\u0142ek agencja TASS.&nbsp;<a href=\"http:\/\/radiomaria.com.pl\/wp-content\/uploads\/2021\/04\/20.04.-Nawalny-w-szpitalu.mp3\">Pos\u0142uchaj co my podajemy.<\/a><\/li>\n\n\n\n<li>20.04. Niezwyk\u0142a Kariera Daniela Obajtka.&nbsp;<a href=\"http:\/\/radiomaria.com.pl\/wp-content\/uploads\/2021\/04\/20.04.-Boscy-prezesi.mp3\">Pos\u0142uchaj dlaczego nigdy by si\u0119 nie wydarzy\u0142a, gdyby Marysia \u017cy\u0142a.<\/a><\/li>\n\n\n\n<li>21.04. Moskwa i Warszawa protestuje ale demokracja jeszcze nie triumfuje.&nbsp;<a href=\"http:\/\/radiomaria.com.pl\/wp-content\/uploads\/2021\/04\/21.04.-Warszawa-i-Moskwa.mp3\">Pos\u0142uchaj jak Radio MARIA to komentuje.<\/a><\/li>\n\n\n\n<li>24.04. Pan Prezydent Andrzej Duda \u2013 nie na temat na Szczycie Klimatycznym.&nbsp;<a href=\"http:\/\/radiomaria.com.pl\/wp-content\/uploads\/2021\/04\/24.04.-Szczyt-klimatyczny.mp3\">Pos\u0142uchaj jak g\u0142owy pa\u0144stwa bronimy.<\/a><\/li>\n\n\n\n<li>24.04. Ludob\u00f3jstwo Ormiam \u2013 pami\u0119tamy i&nbsp;<a href=\"http:\/\/radiomaria.com.pl\/wp-content\/uploads\/2021\/04\/24.04-Ormianie.mp3\">ostrzegamy.<\/a><\/li>\n\n\n\n<li>26.04. Nielegalne imprezy taneczne<a href=\"http:\/\/radiomaria.com.pl\/wp-content\/uploads\/2021\/04\/26.04.-Imprezy.mp3\">&nbsp;\u2013 pos\u0142uchaj i pomy\u015bl, co jest konieczne.<\/a><\/li>\n\n\n\n<li>27.04.  W\u0142odzimierz Czarzasty zaprosi\u0142 premiera Mateusza Morawieckiego na rozmowy w sprawie planu odbudowy. Ci bez wyobra\u017ani si\u0119 dziwi\u0105 \u2013 jak cos takiego szefowi lewicy mog\u0142o przyj\u015b\u0107 do g\u0142owy. My wiemy&nbsp;<a href=\"http:\/\/radiomaria.com.pl\/wp-content\/uploads\/2021\/04\/27.04.-Plan-odbudowy.mp3\">\u2013 pos\u0142uchaj.<\/a><\/li>\n\n\n\n<li>28.04. Aleksander Kwa\u015bniewski \u2013 cz\u0142owiek z wyobra\u017ani\u0105.<a href=\"http:\/\/radiomaria.com.pl\/wp-content\/uploads\/2021\/04\/29.04.-Zmiana-rz%C4%85du.mp3\">&nbsp;Mo\u017cna pos\u0142ucha\u0107 dlaczego,<\/a>&nbsp;a jak si\u0119 nie b\u0119dzie chcia\u0142o to napisz\u0119. Bo popar\u0142 W\u0142odzimierza Czarzastego.<\/li>\n\n\n\n<li>29.04. Wi\u0119zienie na Anokolu w Wilnie. To tu wykonano wyro na generale Tadeuszu Rozwadowskim w 1928 roku. Zara\u017cono go gru\u017alic\u0105.&nbsp;<a href=\"http:\/\/radiomaria.com.pl\/wp-content\/uploads\/2021\/04\/Zegar-tyka.mp3\">Rozmawiam o tym ze s\u0142uchaczem.<\/a><\/li>\n\n\n\n<li>30.04. Pytanie do Frania&nbsp;<a href=\"http:\/\/radiomaria.com.pl\/wp-content\/uploads\/2021\/04\/Pytania-do-Frania.mp3\">\u2013 prosz\u0119 pos\u0142ucha\u0107 kolejnej rozmowy z Frankiem. To osadzony odbywaj\u0105cy kar\u0119 d\u0142ugoletniego wi\u0119zienia.<\/a><\/li>\n\n\n\n<li>01.05. Kiedy\u015b polityka J\u00f3zefa Pi\u0142sudskiego by\u0142a bomb\u0105 z op\u00f3\u017anionym zap\u0142onem. Wybuch\u0142a w 1939 roku. Dzi\u015b jej stary zegar znowu tyka. Pos\u0142uchaj&nbsp;<a href=\"http:\/\/radiomaria.com.pl\/wp-content\/uploads\/2021\/05\/Zegar-tyka.mp3\">\u2013 rozmowy ze s\u0142uchaczem Radia MARIA.<\/a><\/li>\n\n\n\n<li>01.05. Wo\u0142y\u0144 \u2013 rozmowa ze s\u0142uchaczem radia MARIA.<a href=\"http:\/\/radiomaria.com.pl\/wp-content\/uploads\/2021\/05\/Pan-z-Kra%C5%9Bnika-koniec.mp3\">&nbsp;Prosz\u0119 pos\u0142ucha\u0107 w jakim kontek\u015bcie pada to straszne s\u0142owo.<\/a><\/li>\n\n\n\n<li>01.05. 17 lat temu wst\u0105pili\u015bmy do Unii Europejskiej. Marysia r\u00f3wnie\u017c o Polesiu we Wsp\u00f3lnej Europie marzy\u0142a \u2013 i tak by by\u0142o, gdyby \u017cy\u0142a. T<a href=\"http:\/\/radiomaria.com.pl\/wp-content\/uploads\/2021\/05\/Hymn-UE.mp3\">O DLA CIEBUIE ANIO\u0141KU.<\/a><\/li>\n\n\n\n<li>02.05. 2 maja Dzie\u0144 Flagi&nbsp;<a href=\"http:\/\/radiomaria.com.pl\/wp-content\/uploads\/2021\/05\/Dzie%C5%84-flagi.mp3\">\u2013 pos\u0142uchaj czemu my,, w Radiu MARIA \u015bwi\u0119tujemy.<\/a><\/li>\n\n\n\n<li>03.05. \u015awi\u0119to Konstytucji 3 Maja&nbsp;<a href=\"http:\/\/radiomaria.com.pl\/wp-content\/uploads\/2021\/05\/Ostrze%C5%BCenieks.-prof-Tadeusza-Guza-d.mp3\">\u2013 tre\u015b\u0107 niezwyk\u0142ego listu przytaczamy. Kolejny raz ostrzegamy!<\/a><\/li>\n\n\n\n<li>03.05. Konstytucja 3 Maja. Uroczysto\u015bci na Zamku Warszawskim&nbsp;<a href=\"http:\/\/radiomaria.com.pl\/wp-content\/uploads\/2021\/05\/03.05.-Marzenie-Marysi.mp3\">\u2013 nasz komentarz.<\/a><\/li>\n\n\n\n<li>04.05. Dla tegorocznych maturzyst\u00f3w.&nbsp;<a href=\"http:\/\/radiomaria.com.pl\/wp-content\/uploads\/2021\/05\/Dla-maturzyst%C3%B3w.mp3\">Pos\u0142uchajcie.<\/a><\/li>\n\n\n\n<li>04.05. Sejm przeg\u0142osowa\u0142 ratyfikacj\u0119 Funduszu Odbudowy.&nbsp;<a href=\"http:\/\/radiomaria.com.pl\/wp-content\/uploads\/2021\/05\/05.05.-Ratyfikacja.mp3\">Pos\u0142uchaj jaki komentarz przyszed\u0142 nam do g\u0142owy.<\/a><\/li>\n\n\n\n<li>05.05. Jak to si\u0119 sta\u0142o, \u017ce panu Jaros\u0142awowi Kaczy\u0144skiemu za ratyfikacj\u0105 Funduszu odbudowy zag\u0142osowa\u0107 si\u0119 uda\u0142o?&nbsp;<a href=\"http:\/\/radiomaria.com.pl\/wp-content\/uploads\/2021\/05\/05.05.-G%C5%82osowanie.mp3\">Pos\u0142uchaj.<\/a><\/li>\n\n\n\n<li>08.05. Inflacja \u2013 znowu jeste\u015bmy na czele. Do czas\u00f3w reformy Balcerowicza zosta\u0142o niewiele.&nbsp;<a href=\"http:\/\/radiomaria.com.pl\/wp-content\/uploads\/2021\/05\/inflacja.mp3\">Pos\u0142uchaj<\/a>.<\/li>\n\n\n\n<li>08.05. Dzie\u0144 Zwyci\u0119stwa w Radiu MARIA.&nbsp;<a href=\"http:\/\/radiomaria.com.pl\/wp-content\/uploads\/2021\/05\/Dzie%C5%84-Zwyc%C4%99stwa-w-Radiu-MARIA.mp3\">Pos\u0142uchaj, por\u00f3wnaj i znajd\u017a r\u00f3\u017cnic\u0119.<\/a><\/li>\n\n\n\n<li>08.05. DZIE\u0143 ZWYCI\u0118STWA \u2013 76. ROCZNICA ZAKO\u0143CZENIA II WOJNY \u015aWIATOWEJ&nbsp;<a href=\"http:\/\/radiomaria.com.pl\/wp-content\/uploads\/2021\/05\/Upami%C4%99tnienie.mp3\">\u2013 UROCZYSTO\u015aCI W MIELCU.<\/a><\/li>\n\n\n\n<li>13.05. 120 rocznica \u015bmierci rot. Witolda Pileckiego \u2013<a href=\"http:\/\/radiomaria.com.pl\/wp-content\/uploads\/2021\/05\/Piechota-ta-szara-piechota-Pilecki.mp3\">&nbsp;nasze wspomnienie.<\/a><\/li>\n\n\n\n<li><a href=\"http:\/\/radiomaria.com.pl\/wp-content\/uploads\/2021\/05\/Izrael.mp3\">17.05. Konflikt izraelsko-palesty\u0144ski.<\/a><\/li>\n\n\n\n<li><a href=\"http:\/\/radiomaria.com.pl\/wp-content\/uploads\/2021\/05\/M\u0105dro\u015b\u0107-Marysi-modlitwa.mp3\">17.05. R\u00f3\u017caniec Marysi na ten tydzie\u0144.<\/a><\/li>\n\n\n\n<li>17.05.  <a href=\"http:\/\/radiomaria.com.pl\/wp-content\/uploads\/2021\/05\/19.05.-Awaria.mp3\">Najwi\u0119ksza awaria w historii Polskiej Energetyki.<\/a><\/li>\n\n\n\n<li>22.005. <a href=\"http:\/\/radiomaria.com.pl\/wp-content\/uploads\/2021\/05\/O-filmie-IPN.mp3\">Bardzo ciekawa wypowied\u017a na temat filmu IPN o przyczynach \u015bmierci genera\u0142a W\u0142adys\u0142awa Sikorskiego. Prosz\u0119 pos\u0142ucha\u0107 i spr\u00f3bowa\u0107 odgadn\u0105\u0107 kto do Pa\u0144stwa m\u00f3wi? Rozwi\u0105zania na ko\u0144cu.<\/a><\/li>\n\n\n\n<li>24.05. <a href=\"http:\/\/radiomaria.com.pl\/wp-content\/uploads\/2021\/05\/Franek-widzenia.mp3\">Pytania do Frania &#8211; widzenia.<\/a><\/li>\n\n\n\n<li>26.05. <a href=\"http:\/\/radiomaria.com.pl\/wp-content\/uploads\/2021\/05\/Przedstawiciel-Solidarno\u015bci.mp3\">Rozmowa z Przedstawicielem NSZZ Solidarno\u015b\u0107 Kopalni Tur\u00f3w.<\/a><\/li>\n\n\n\n<li>28.05. <a href=\"http:\/\/radiomaria.com.pl\/wp-content\/uploads\/2021\/05\/28.05..-Wyszy\u0144ski.mp3\">40 lat temu zmar\u0142 kardyna\u0142 Stefan Wyszy\u0144ski.<\/a><\/li>\n\n\n\n<li>29.05. <a href=\"http:\/\/radiomaria.com.pl\/wp-content\/uploads\/2021\/05\/Dla-Bia\u0142orusi.mp3\">\u017bYWIE BIIE\u0141ARU\u015a!<\/a><\/li>\n\n\n\n<li>29.0. <a href=\"http:\/\/radiomaria.com.pl\/wp-content\/uploads\/2021\/05\/Ostrze\u017ceniee-dla-Biaa\u0142orrusi.mp3\">Pan ko\u0142o fontanny; Ostrze\u017cenie dla Bia\u0142orusi.<\/a><\/li>\n\n\n\n<li><a href=\"http:\/\/radiomaria.com.pl\/wp-content\/uploads\/2021\/06\/Geeneral-Sikorski-1.mp3\">03.06. Rozmowa z przedstawicielem IPN o filmie, kt\u00f3ry odnosi si\u0119 do katastrofy gibraltarskiej.<\/a> Kontynuacja &#8211; <a href=\"http:\/\/radiomaria.com.pl\/wp-content\/uploads\/2021\/06\/Wyoiwied\u017a-dwa.mp3\">cz\u0119\u015b\u0107 druga;<\/a> <a href=\"http:\/\/radiomaria.com.pl\/wp-content\/uploads\/2021\/06\/Sikorski-katastrofa-wypowied\u017a-trzecia.mp3\">Cz\u0119\u015b\u0107 trzecia<\/a>; <a href=\"http:\/\/radiomaria.com.pl\/wp-content\/uploads\/2021\/06\/Rozmowa-z-przedstawicielem-IPN-cz\u0119\u015b\u0107-4.mp3\">Cz\u0119\u015b\u0107 czwarta.<\/a><\/li>\n\n\n\n<li><a href=\"http:\/\/radiomaria.com.pl\/wp-content\/uploads\/2021\/06\/Pytania-do-Frania-piesi.mp3\">03.06. Nasze przej\u015bcia dla pieszych \u2013 zmieniono przepisy. Rozmawiam o tym z osadzonym, kt\u00f3ry ju\u017c prawie 20 lat nie korzysta\u0142 z przej\u015b\u0107 dla pieszych.<\/a><\/li>\n\n\n\n<li>09.06. <a href=\"http:\/\/radiomaria.com.pl\/wp-content\/uploads\/2021\/06\/przepisy-ruchu-drogowego.mp3\">Wypowied\u017a Pani aspirant Urszuli Chmura ( zbie\u017cno\u015b\u0107 naszych nazwisk przypadkowa), z Komendy Powiatowej Policji w Mielcu na temat nowych przepis\u00f3w na przej\u015bciach dla pieszych.<\/a><\/li>\n\n\n\n<li>10.06. <a href=\"http:\/\/radiomaria.com.pl\/wp-content\/uploads\/2021\/06\/Franek-historia-1.mp3\">Franek \u2013 osadzony opowiada jak tam jest. My s\u0142uchamy \u2013 i sk\u0105d\u015b to znamy\u2026<\/a><\/li>\n\n\n\n<li><a href=\"http:\/\/radiomaria.com.pl\/wp-content\/uploads\/2021\/06\/Spotkanie-po-latach.mp3\">23.06. Spotkanie po latach.<\/a><\/li>\n\n\n\n<li><a href=\"http:\/\/radiomaria.com.pl\/wp-content\/uploads\/2021\/06\/Skwer-za-biblioteka.mp3\">28.06. Relacja \u2013 wype\u0142niam wol\u0119 Marysi. Zaanga\u017cowa\u0142em si\u0119 w nadanie skwerowi za biblioteka w Mielcu imienia Ignacego Jana Paderewskiego.<\/a><\/li>\n\n\n\n<li><a href=\"http:\/\/radiomaria.com.pl\/wp-content\/uploads\/2021\/07\/08.07.-Hurkacz.mp3\">07.07. Hubert Hurkacz pokona\u0142 Rogera Federera. Zagra w p\u00f3\u0142finale Wimbledonu<\/a><\/li>\n\n\n\n<li>30.07. P<a href=\"http:\/\/radiomaria.com.pl\/wp-content\/uploads\/2021\/07\/Rocznica-smierci-Dziadka-Andrzeja.mp3\">i\u0119\u0107 lat temu zmar\u0142 Dziadek \u201eFranka\u201d osadzonego, kt\u00f3ry wsp\u00f3\u0142tworzy audycj\u0119 \u201ePytania do Frania\u201d.<\/a><\/li>\n\n\n\n<li>01.08. <a href=\"http:\/\/radiomaria.com.pl\/wp-content\/uploads\/2021\/08\/Powstanie-Warszawskie.mp3\">77 lat temu wybuch\u0142o Powstanie Warszawskie.<\/a><\/li>\n\n\n\n<li><a href=\"http:\/\/radiomaria.com.pl\/wp-content\/uploads\/2021\/08\/02.08.-Sanacja-wrocila.mp3\">02.08. Podpalono punkt szczepie\u0144 w Zamo\u015bciu.<\/a><\/li>\n\n\n\n<li><a href=\"http:\/\/radiomaria.com.pl\/wp-content\/uploads\/2021\/08\/Zespol-Wojtowianie.mp3\">07.08. Zesp\u00f3\u0142 folklorystyczny \u201eW\u00f3jtowianie\u201d z Krasnobrodu.<\/a><\/li>\n\n\n\n<li><a href=\"http:\/\/radiomaria.com.pl\/wp-content\/uploads\/2021\/08\/Mundur-na-nim-szary.mp3\">15.08. Mundur na nim szary 2021.<\/a><\/li>\n\n\n\n<li><a href=\"http:\/\/radiomaria.com.pl\/wp-content\/uploads\/2021\/08\/Charle-Watts.mp3\">26.08. Nie \u017cyje Charlie Watts perkusista The_Rolling_Stones.<\/a><\/li>\n\n\n\n<li><a href=\"http:\/\/radiomaria.com.pl\/wp-content\/uploads\/2021\/08\/Diektiar.mp3\">29.08. Prosz\u0119 wys\u0142ucha\u0107 fragmentu wyst\u0119pu&nbsp;<strong>Norberta \u201eSmo\u0142y\u201d Smoli\u0144skiego \u2013 lidera zespo\u0142u Contra Mundum<\/strong>.<\/a><\/li>\n\n\n\n<li><a href=\"http:\/\/radiomaria.com.pl\/wp-content\/uploads\/2021\/02\/31.08.-Racje-mamy.mp3\">31.08. Gda\u0144sk \u2013 w Europejskim Centrum Solidarno\u015bci odby\u0142a si\u0119 &nbsp;I Gala Wolno\u015bci S\u0142owa.<\/a><\/li>\n\n\n\n<li><a href=\"http:\/\/radiomaria.com.pl\/wp-content\/uploads\/2021\/09\/Sacrum-i-profanum.mp3\">01.09. Pytania do \u201eFrania\u201d \u2013 Sacrum i profanum.<\/a><\/li>\n\n\n\n<li><a href=\"http:\/\/radiomaria.com.pl\/wp-content\/uploads\/2021\/09\/82-Rocnica.mp3\">13.09. 13 wrze\u015bnia 1939 roku sp\u0142on\u0119\u0142a Mielecka Synagoga\u2026<\/a><\/li>\n\n\n\n<li><a href=\"http:\/\/radiomaria.com.pl\/wp-content\/uploads\/2021\/09\/Sztutm-Kosciuszkowcowa.mp3\">15.09. Pytania do \u201eFrania\u201d \u2013 rozmawiamy m.in. o szturmie Ko\u015bciuszkowc\u00f3w.<\/a><\/li>\n\n\n\n<li><a href=\"http:\/\/radiomaria.com.pl\/wp-content\/uploads\/2021\/09\/Kobiety-w-polityce.mp3\">22.09. Pytania do &#8222;Frania&#8221; &#8211; Kobiety w polityce.<\/a><\/li>\n\n\n\n<li><a href=\"http:\/\/radiomaria.com.pl\/wp-content\/uploads\/2021\/09\/26.09.-Otwarcie-linii.mp3\">26.09. Otwarcie linii kolejowej Mielec-D\u0119bica.<\/a><\/li>\n\n\n\n<li><a href=\"http:\/\/radiomaria.com.pl\/wp-content\/uploads\/2021\/09\/2609.-Seria-klamstw.mp3\">26.09. Premier Mateusz Morawiecki w Przec\u0142awiu.<\/a><\/li>\n\n\n\n<li><a href=\"http:\/\/radiomaria.com.pl\/wp-content\/uploads\/2021\/09\/Dajcie-spokoj.mp3\">27.09. Sejmik Wojew\u00f3dztwa Podkarpackiego uchyli\u0142 stanowisko dotycz\u0105ce os\u00f3b LGBT.&nbsp;<\/a><\/li>\n\n\n\n<li><a href=\"http:\/\/radiomaria.com.pl\/wp-content\/uploads\/2021\/09\/Milosc-jest.mp3\">29.09. \u201ePytania do Frania\u201d, czyli rozmowa z osadzonym nawi\u0105zuj\u0105ca do modlitwy r\u00f3\u017ca\u0144cowej.<\/a><\/li>\n\n\n\n<li><a href=\"http:\/\/radiomaria.com.pl\/wp-content\/uploads\/2021\/10\/Podac-dlon.mp3\">06.10. \u201ePytania do Frania\u201d i problem podawania d\u0142oni.<\/a><\/li>\n\n\n\n<li><a href=\"http:\/\/radiomaria.com.pl\/wp-content\/uploads\/2021\/10\/Franek-na-Dzien-Nauczyciela.mp3\">13.10. Pytania do \u201eFrania\u201d \u2013 Dzie\u0144 Nauczyciela.<\/a><\/li>\n\n\n\n<li><a href=\"http:\/\/radiomaria.com.pl\/wp-content\/uploads\/2021\/10\/Jan-Pietrzak-w-Mielcua.mp3\">16.10. Jan Pietrzak w Mielcu.<\/a><\/li>\n\n\n\n<li><a href=\"http:\/\/radiomaria.com.pl\/wp-content\/uploads\/2021\/10\/21.10.-Bruce-Xiaoyu-Liu.mp3\">21.10. Bruce (Xiaoyu) Liu, pianista z Kanady, wygra\u0142 XVIII Mi\u0119dzynarodowy Konkurs Pianistyczny im. Fryderyka Chopina.&nbsp;<\/a><\/li>\n\n\n\n<li><a href=\"http:\/\/radiomaria.com.pl\/wp-content\/uploads\/2021\/11\/Leonard-Zub-Zdanowicz.mp3\">31.10. Leonard Zub-Zdanowicz ba tablicy w w ko\u015bciele.<\/a><\/li>\n\n\n\n<li><a href=\"http:\/\/radiomaria.com.pl\/wp-content\/uploads\/2021\/11\/Co-sie-z-nami-stalo-1.mp3\">03.11. Pytania do &#8222;Frania&#8221; &#8211; Co si\u0119 z nami sta\u0142o?<\/a><\/li>\n\n\n\n<li><a href=\"http:\/\/radiomaria.com.pl\/wp-content\/uploads\/2021\/11\/Peugeot-207.mp3\">17.11. Pytania do \u201eFrania\u201d \u2013 przemoc w rodzinie.<\/a><\/li>\n\n\n\n<li><a href=\"http:\/\/radiomaria.com.pl\/wp-content\/uploads\/2021\/11\/24.11.-Rocznica-smierci.mp3\">24.11. Pierwsza rocznica \u015bmierci mojego Taty.<\/a><\/li>\n\n\n\n<li><a href=\"http:\/\/radiomaria.com.pl\/wp-content\/uploads\/2021\/11\/Pytaniam-do-Frania-Angela-Merkel.mp3\">24.11. Pytania do \u201eFrania\u201d \u2013 rozmawiamy o Angeli Merkel.<\/a><\/li>\n\n\n\n<li><a href=\"http:\/\/radiomaria.com.pl\/wp-content\/uploads\/2021\/11\/24.11.Narodowy.mp3\">25.11. Narodowy Dzie\u0144 Zwyci\u0119skiego Powstania Wielkopolskiego.<\/a><\/li>\n\n\n\n<li><a href=\"http:\/\/radiomaria.com.pl\/wp-content\/uploads\/2021\/12\/Kod-QR.mp3\">01.12. Pytania do \u201eFrania\u201d \u2013 paszport covidowy.<\/a><\/li>\n\n\n\n<li><a href=\"http:\/\/radiomaria.com.pl\/wp-content\/uploads\/2021\/12\/0612.-Zmarl-Janos-Kobor.mp3\">06.12. NIE \u017bYJE JANOS KOBOR, WOKALISTA ZESPO\u0141U OMEGA.<\/a>&nbsp;<\/li>\n\n\n\n<li><a href=\"http:\/\/radiomaria.com.pl\/wp-content\/uploads\/2021\/12\/Pytania-do-Frania-inflacja.mp3\">08.12. Pytania do \u201eFrania\u201d \u2013 inflacja.<\/a><\/li>\n\n\n\n<li><a href=\"http:\/\/radiomaria.com.pl\/wp-content\/uploads\/2021\/12\/Zmarl-Wlodzimierz-Pac.mp3\">11.12. Zmar\u0142 W\u0142odzimierz Pac, d\u0142ugoletni korespondent Polskiego Radia w Mi\u0144sku.<\/a><\/li>\n\n\n\n<li><a href=\"http:\/\/radiomaria.com.pl\/wp-content\/uploads\/2021\/12\/22.12.-Grzegorz-Ciechowski-1.mp3\">22.12. 22 grudnia 2021 roku zmar\u0142 Grzegorz Ciechowski.<\/a><\/li>\n\n\n\n<li><a href=\"http:\/\/radiomaria.com.pl\/wp-content\/uploads\/2021\/12\/Pytania-do-Frania-Swiateczne-Zyczenia.mp3\">26.12. Pytania do \u201eFrania\u201d \u2013 Rozmawiamy o polityce, czyli o czym\u015b na czym si\u0119 nie znamy \u2013 ale \u017byczenia Noworoczne sk\u0142adamy. Mo\u017ce razem tego pos\u0142uchamy?<\/a><\/li>\n\n\n\n<li><a href=\"http:\/\/radiomaria.com.pl\/wp-content\/uploads\/2021\/12\/Menuet.mp3\">27.12. <strong>Narodowy Dzie\u0144 Zwyci\u0119skiego Powstania Wielkopolskiego<\/strong>.<\/a><\/li>\n\n\n\n<li><a href=\"http:\/\/radiomaria.com.pl\/wp-content\/uploads\/2022\/01\/03.01-Jak-Kyba-Bogu.mp3\">30.12. Paulo Sousa odchodzi z reprezentacji Polski.<\/a><\/li>\n<\/ul>\n\n\n\n<p><\/p>\n\n\n\n<p><\/p>\n","protected":false},"excerpt":{"rendered":"<p>TU MO\u017bESZ ODS\u0141UHA\u0106   WYBRAN\u0104 AUDYCJ\u0118<\/p>\n","protected":false},"author":1,"featured_media":1817,"comment_status":"open","ping_status":"open","sticky":false,"template":"","format":"standard","meta":{"footnotes":""},"categories":[1],"tags":[21],"class_list":["post-1619","post","type-post","status-publish","format-standard","has-post-thumbnail","hentry","category-bez-kategorii","tag-audycje-radia-maria-2021"],"_links":{"self":[{"href":"http:\/\/radiomaria.com.pl\/index.php?rest_route=\/wp\/v2\/posts\/1619","targetHints":{"allow":["GET"]}}],"collection":[{"href":"http:\/\/radiomaria.com.pl\/index.php?rest_route=\/wp\/v2\/posts"}],"about":[{"href":"http:\/\/radiomaria.com.pl\/index.php?rest_route=\/wp\/v2\/types\/post"}],"author":[{"embeddable":true,"href":"http:\/\/radiomaria.com.pl\/index.php?rest_route=\/wp\/v2\/users\/1"}],"replies":[{"embeddable":true,"href":"http:\/\/radiomaria.com.pl\/index.php?rest_route=%2Fwp%2Fv2%2Fcomments&post=1619"}],"version-history":[{"count":346,"href":"http:\/\/radiomaria.com.pl\/index.php?rest_route=\/wp\/v2\/posts\/1619\/revisions"}],"predecessor-version":[{"id":18740,"href":"http:\/\/radiomaria.com.pl\/index.php?rest_route=\/wp\/v2\/posts\/1619\/revisions\/18740"}],"wp:featuredmedia":[{"embeddable":true,"href":"http:\/\/radiomaria.com.pl\/index.php?rest_route=\/wp\/v2\/media\/1817"}],"wp:attachment":[{"href":"http:\/\/radiomaria.com.pl\/index.php?rest_route=%2Fwp%2Fv2%2Fmedia&parent=1619"}],"wp:term":[{"taxonomy":"category","embeddable":true,"href":"http:\/\/radiomaria.com.pl\/index.php?rest_route=%2Fwp%2Fv2%2Fcategories&post=1619"},{"taxonomy":"post_tag","embeddable":true,"href":"http:\/\/radiomaria.com.pl\/index.php?rest_route=%2Fwp%2Fv2%2Ftags&post=1619"}],"curies":[{"name":"wp","href":"https:\/\/api.w.org\/{rel}","templated":true}]}}