{"id":152,"date":"2025-08-03T18:45:00","date_gmt":"2025-08-03T16:45:00","guid":{"rendered":"http:\/\/radiomaria.com.pl\/?p=152"},"modified":"2026-04-29T06:27:50","modified_gmt":"2026-04-29T04:27:50","slug":"radio-maria-2","status":"publish","type":"post","link":"http:\/\/radiomaria.com.pl\/?p=152","title":{"rendered":"RAM\u00d3WKA"},"content":{"rendered":"\n<figure class=\"wp-block-image size-large\"><a href=\"http:\/\/stacja.radiohost.pl\/customBoxes\/link\/568\/8d5a0\/type\/aplayer2\/\"><img decoding=\"async\" src=\"http:\/\/radiomaria.com.pl\/wp-content\/uploads\/2020\/11\/Radio-M-log.jpg\" alt=\"\" class=\"wp-image-881\"\/><\/a><\/figure>\n\n\n\n<h2 class=\"wp-block-heading\"><a href=\"http:\/\/radiomaria.com.pl\/?p=17007\">Klub<\/a><\/h2>\n\n\n\n<figure class=\"wp-block-image size-large is-resized\"><a href=\"http:\/\/stacja.radiohost.pl\/customBoxes\/link\/568\/8d5a0\/type\/aplayer2\/\"><img loading=\"lazy\" decoding=\"async\" width=\"210\" height=\"62\" src=\"http:\/\/radiomaria.com.pl\/wp-content\/uploads\/2020\/09\/LOGO-PODCASTMA\u0141Y.png\" alt=\"\" class=\"wp-image-610\" style=\"width:210px;height:62px\"\/><\/a><\/figure>\n\n\n\n<figure class=\"wp-block-image size-large\"><a href=\"http:\/\/stacja.radiohost.pl\/customBoxes\/link\/568\/8d5a0\/type\/aplayer2\/\"><img loading=\"lazy\" decoding=\"async\" width=\"141\" height=\"141\" src=\"http:\/\/radiomaria.com.pl\/wp-content\/uploads\/2021\/08\/play-bardzo-maly.png\" alt=\"\" class=\"wp-image-3445\"\/><\/a><\/figure>\n\n\n\n<h2 class=\"wp-block-heading\"><a href=\"http:\/\/stacja.radiohost.pl\/customBoxes\/link\/568\/8d5a0\/type\/aplayer2\/\">Radio internetowe.<\/a> Tu TY decydujesz, s\u0142uchasz jak zwyk\u0142ego radia, <a href=\"http:\/\/radiomaria.com.pl\/?p=629\">PODCAST\u00d3W<\/a> lub <a href=\"http:\/\/radiomaria.com.pl\/?p=1619\">ARCHIWUM  <\/a>przeszukujesz, a jak chcesz, to kupujesz.<a href=\"https:\/\/htb.com.pl\/?page_id=300\"><img loading=\"lazy\" decoding=\"async\" width=\"150\" height=\"141\" class=\"wp-image-2288\" style=\"width: 150px;\" src=\"http:\/\/radiomaria.com.pl\/wp-content\/uploads\/2021\/04\/LOGO-W\u00d3ZEK.jpg\" alt=\"\" srcset=\"http:\/\/radiomaria.com.pl\/wp-content\/uploads\/2021\/04\/LOGO-W\u00d3ZEK.jpg 994w, http:\/\/radiomaria.com.pl\/wp-content\/uploads\/2021\/04\/LOGO-W\u00d3ZEK-300x283.jpg 300w, http:\/\/radiomaria.com.pl\/wp-content\/uploads\/2021\/04\/LOGO-W\u00d3ZEK-768x724.jpg 768w\" sizes=\"auto, (max-width: 150px) 100vw, 150px\" \/><\/a>Kliknij w\u00f3zek i zobacz, czy sklep firmowy Radia MARIA jest otwarty.<\/h2>\n\n\n\n<h2 class=\"wp-block-heading\">Tu pos\u0142uchamy<\/h2>\n\n\n\n<h2 class=\"wp-block-heading\">o tym co gramy, jak nie gadamy:<\/h2>\n\n\n\n<figure class=\"wp-block-image size-full is-resized\"><a href=\"http:\/\/radiomaria.com.pl\/wp-content\/uploads\/2025\/09\/Groove1.mp3\"><img loading=\"lazy\" decoding=\"async\" width=\"974\" height=\"522\" src=\"http:\/\/radiomaria.com.pl\/wp-content\/uploads\/2022\/07\/Muzyka-Groovemaly.png\" alt=\"\" class=\"wp-image-7125\" style=\"width:244px;height:131px\" srcset=\"http:\/\/radiomaria.com.pl\/wp-content\/uploads\/2022\/07\/Muzyka-Groovemaly.png 974w, http:\/\/radiomaria.com.pl\/wp-content\/uploads\/2022\/07\/Muzyka-Groovemaly-300x161.png 300w, http:\/\/radiomaria.com.pl\/wp-content\/uploads\/2022\/07\/Muzyka-Groovemaly-768x412.png 768w\" sizes=\"auto, (max-width: 974px) 100vw, 974px\" \/><\/a><\/figure>\n\n\n\n<p>Radio MARIA&nbsp; nadaj\u0119 muzyk\u0119, kt\u00f3rej Marysia s\u0142ucha\u0142a. Dzi\u015b ta muzyka nazywa si\u0119 groove, doskona\u0142a do ta\u0144ca, czyli ruchu. Ju\u017c samo s\u0142uchanie takiej muzyki podnosi nasz\u0105 sprawno\u015b\u0107 fizyczn\u0105, a ostatnio si\u0119 okaza\u0142o, \u017ce &nbsp;jak muzyki Marysi b\u0119dzie si\u0119 s\u0142ucha\u0142o, to r\u00f3wnie\u017c sprawno\u015b\u0107 swojego m\u00f3zgu b\u0119dzie si\u0119 poprawia\u0142o. Na japo\u0144skim&nbsp; Uniwersytecie Tsukuba to zbadali<strong>,<\/strong> a w<strong> <\/strong>czasopi\u015bmie<strong> &nbsp;\u201e<\/strong>Nature\u201d o tym napisali. W Radiu MARIA zawsze muzyk\u0119 Marysi b\u0119dziemy grali \u2013 to mo\u017ce by\u015bcie nas s\u0142uchali?.. <em><a href=\"https:\/\/htb.com.pl\/?p=104418\">Wi\u0119cej&#8230;<\/a><\/em><\/p>\n\n\n\n<h2 class=\"wp-block-heading\">DJ, konferansjer, oprawa muzyczna, nag\u0142o\u015bnienie itp.<\/h2>\n\n\n\n<figure class=\"wp-block-image size-full\"><img loading=\"lazy\" decoding=\"async\" width=\"97\" height=\"100\" src=\"http:\/\/radiomaria.com.pl\/wp-content\/uploads\/2020\/10\/Tel-ma\u0142y.jpg\" alt=\"\" class=\"wp-image-2563\"\/><\/figure>\n\n\n\n<p>(+48) 519652500<\/p>\n\n\n\n<figure class=\"wp-block-image size-full is-resized\"><a href=\"https:\/\/www.siepomaga.pl\/ukraina?utm_source=google&amp;utm_medium=cpc&amp;ts=adw-grants-ukraina&amp;gad_source=1&amp;gclid=CjwKCAiA3aeqBhBzEiwAxFiOBr0u9JzEV_6wTa7Pz_wJ786Vp9rGovqri7MW5aLWm7bV_NVZlV0__hoCa14QAvD_BwE\"><img loading=\"lazy\" decoding=\"async\" width=\"802\" height=\"582\" src=\"http:\/\/radiomaria.com.pl\/wp-content\/uploads\/2023\/11\/ZbiorkaU.png\" alt=\"\" class=\"wp-image-11678\" style=\"width:840px;height:auto\" srcset=\"http:\/\/radiomaria.com.pl\/wp-content\/uploads\/2023\/11\/ZbiorkaU.png 802w, http:\/\/radiomaria.com.pl\/wp-content\/uploads\/2023\/11\/ZbiorkaU-300x218.png 300w, http:\/\/radiomaria.com.pl\/wp-content\/uploads\/2023\/11\/ZbiorkaU-768x557.png 768w\" sizes=\"auto, (max-width: 802px) 100vw, 802px\" \/><\/a><\/figure>\n\n\n\n<h2 class=\"wp-block-heading\">AKTUALNO\u015aCI<\/h2>\n\n\n\n<figure class=\"wp-block-image size-full\"><img loading=\"lazy\" decoding=\"async\" width=\"980\" height=\"550\" src=\"http:\/\/radiomaria.com.pl\/wp-content\/uploads\/2026\/04\/Ukrainskie-zbozemaly.png\" alt=\"\" class=\"wp-image-18874\" srcset=\"http:\/\/radiomaria.com.pl\/wp-content\/uploads\/2026\/04\/Ukrainskie-zbozemaly.png 980w, http:\/\/radiomaria.com.pl\/wp-content\/uploads\/2026\/04\/Ukrainskie-zbozemaly-300x168.png 300w, http:\/\/radiomaria.com.pl\/wp-content\/uploads\/2026\/04\/Ukrainskie-zbozemaly-768x431.png 768w\" sizes=\"auto, (max-width: 980px) 100vw, 980px\" \/><\/figure>\n\n\n\n<figure class=\"wp-block-audio\"><audio controls src=\"http:\/\/radiomaria.com.pl\/wp-content\/uploads\/2026\/04\/29.04.Ukrainskie-zboze.mp3\"><\/audio><\/figure>\n\n\n\n<figure class=\"wp-block-embed is-type-rich is-provider-twitter wp-block-embed-twitter\"><div class=\"wp-block-embed__wrapper\">\n<blockquote class=\"twitter-tweet\" data-width=\"550\" data-dnt=\"true\"><p lang=\"pl\" dir=\"ltr\">Andrzej Poczobut wolny! Witaj w polskim domu, Przyjacielu\u2764\ufe0f\ud83c\uddf5\ud83c\uddf1 <a href=\"https:\/\/t.co\/TSs97ry7X1\">pic.twitter.com\/TSs97ry7X1<\/a><\/p>&mdash; Donald Tusk (@donaldtusk) <a href=\"https:\/\/twitter.com\/donaldtusk\/status\/2049084209185112412?ref_src=twsrc%5Etfw\">April 28, 2026<\/a><\/blockquote><script async src=\"https:\/\/platform.twitter.com\/widgets.js\" charset=\"utf-8\"><\/script>\n<\/div><\/figure>\n\n\n\n<h2 class=\"wp-block-heading\">Andrzej Poczobut wolny. Jak relacjonuje Donald Tusk, kt\u00f3ry wita\u0142 go na granicy, jego pierwsze s\u0142owa brzmia\u0142y; \u201eTy &#8211; czy b\u0119d\u0119 m\u00f3g\u0142 tam wr\u00f3ci\u0107? Jeste\u015b wolnym cz\u0142owiekiem \u2013 mo\u017cesz robi\u0107 co chcesz, odpowiedzia\u0142 nasz premier. No nie wiem\u2026<\/h2>\n\n\n\n<h2 class=\"wp-block-heading\"> Domy\u015blam si\u0119 kim jest przedsi\u0119biorca uwolniony razem z Poczobutem, natomiast to, \u017ce wolno\u015b\u0107 odzyska\u0142 Grzegorz Gawe\u0142, zakonnik z Krakowa, jest dla mnie naprawd\u0119 du\u017cym zaskoczeniem. Jeszcze dwa dni temu mia\u0142em w tej sprawie bardzo z\u0142e wiadomo\u015bci.<\/h2>\n\n\n\n<figure class=\"wp-block-audio\"><audio controls src=\"http:\/\/radiomaria.com.pl\/wp-content\/uploads\/2025\/08\/28.04.Poczobut-wolny.mp3\"><\/audio><\/figure>\n\n\n\n<figure class=\"wp-block-image size-full\"><img loading=\"lazy\" decoding=\"async\" width=\"954\" height=\"680\" src=\"http:\/\/radiomaria.com.pl\/wp-content\/uploads\/2026\/04\/Strzalymaly.png\" alt=\"\" class=\"wp-image-18862\" srcset=\"http:\/\/radiomaria.com.pl\/wp-content\/uploads\/2026\/04\/Strzalymaly.png 954w, http:\/\/radiomaria.com.pl\/wp-content\/uploads\/2026\/04\/Strzalymaly-300x214.png 300w, http:\/\/radiomaria.com.pl\/wp-content\/uploads\/2026\/04\/Strzalymaly-768x547.png 768w\" sizes=\"auto, (max-width: 954px) 100vw, 954px\" \/><\/figure>\n\n\n\n<h2 class=\"wp-block-heading\">Strza\u0142y na&nbsp;balu z&nbsp;udzia\u0142em Donalda Trumpa. Prezydent &#8222;prawdopodobnie&#8221; by\u0142 jego celem<\/h2>\n\n\n\n<figure class=\"wp-block-audio\"><audio controls src=\"http:\/\/radiomaria.com.pl\/wp-content\/uploads\/2026\/04\/27.04.Tak-rodzi-sie-terroryzm.mp3\"><\/audio><\/figure>\n\n\n\n<figure class=\"wp-block-image size-full\"><img loading=\"lazy\" decoding=\"async\" width=\"968\" height=\"534\" src=\"http:\/\/radiomaria.com.pl\/wp-content\/uploads\/2026\/04\/Radewmaly.png\" alt=\"\" class=\"wp-image-18854\" srcset=\"http:\/\/radiomaria.com.pl\/wp-content\/uploads\/2026\/04\/Radewmaly.png 968w, http:\/\/radiomaria.com.pl\/wp-content\/uploads\/2026\/04\/Radewmaly-300x165.png 300w, http:\/\/radiomaria.com.pl\/wp-content\/uploads\/2026\/04\/Radewmaly-768x424.png 768w\" sizes=\"auto, (max-width: 968px) 100vw, 968px\" \/><\/figure>\n\n\n\n<h2 class=\"wp-block-heading\"><strong>Bu\u0142garska Centralna Komisja Wyborcza poda\u0142a ostateczne wyniki przedterminowych wybor\u00f3w parlamentarnych z 19 kwietnia. Potwierdzi\u0142y one wygran\u0105 koalicji Post\u0119powa Bu\u0142garia by\u0142ego prezydenta Rumena Radewa, kt\u00f3ra w nowym parlamencie b\u0119dzie mia\u0142a samodzieln\u0105 wi\u0119kszo\u015b\u0107.<\/strong><\/h2>\n\n\n\n<figure class=\"wp-block-audio\"><audio controls src=\"http:\/\/radiomaria.com.pl\/wp-content\/uploads\/2026\/04\/26.04.Radew_.mp3\"><\/audio><\/figure>\n\n\n\n<figure class=\"wp-block-image size-full\"><img loading=\"lazy\" decoding=\"async\" width=\"850\" height=\"450\" src=\"http:\/\/radiomaria.com.pl\/wp-content\/uploads\/2026\/04\/czarnobyl-850x450-1.jpg\" alt=\"\" class=\"wp-image-18850\" srcset=\"http:\/\/radiomaria.com.pl\/wp-content\/uploads\/2026\/04\/czarnobyl-850x450-1.jpg 850w, http:\/\/radiomaria.com.pl\/wp-content\/uploads\/2026\/04\/czarnobyl-850x450-1-300x159.jpg 300w, http:\/\/radiomaria.com.pl\/wp-content\/uploads\/2026\/04\/czarnobyl-850x450-1-768x407.jpg 768w\" sizes=\"auto, (max-width: 850px) 100vw, 850px\" \/><\/figure>\n\n\n\n<h2 class=\"wp-block-heading has-text-align-left\"><a href=\"https:\/\/htb.com.pl\/?p=138431\">Czarnobyl<\/a> &#8211; nowy wpis na blogu DATYU I FAKTY<\/h2>\n\n\n\n<figure class=\"wp-block-embed is-type-rich is-provider-twitter wp-block-embed-twitter\"><div class=\"wp-block-embed__wrapper\">\n<blockquote class=\"twitter-tweet\" data-width=\"550\" data-dnt=\"true\"><p lang=\"en\" dir=\"ltr\">Poland is an essential pillar of Europe\u2019s security architecture, I told <a href=\"https:\/\/twitter.com\/donaldtusk?ref_src=twsrc%5Etfw\">@donaldtusk<\/a>.<br><br>You help keep our Eastern flank safe.<br><br>This is why Poland is the biggest beneficiary of SAFE.<br><br>Today we issued a loan agreement that would release \u20ac43 billion for defence projects that make our\u2026 <a href=\"https:\/\/t.co\/ahZ2j63KyM\">pic.twitter.com\/ahZ2j63KyM<\/a><\/p>&mdash; Ursula von der Leyen (@vonderleyen) <a href=\"https:\/\/twitter.com\/vonderleyen\/status\/2047355925002891315?ref_src=twsrc%5Etfw\">April 23, 2026<\/a><\/blockquote><script async src=\"https:\/\/platform.twitter.com\/widgets.js\" charset=\"utf-8\"><\/script>\n<\/div><\/figure>\n\n\n\n<figure class=\"wp-block-audio\"><audio controls src=\"http:\/\/radiomaria.com.pl\/wp-content\/uploads\/2026\/04\/23.04.Dymisja-Ceckiewicza.mp3\"><\/audio><\/figure>\n\n\n\n<figure class=\"wp-block-image size-full\"><img loading=\"lazy\" decoding=\"async\" width=\"942\" height=\"550\" src=\"http:\/\/radiomaria.com.pl\/wp-content\/uploads\/2026\/04\/Moskwa-zaniepokojonamaly.png\" alt=\"\" class=\"wp-image-18828\" srcset=\"http:\/\/radiomaria.com.pl\/wp-content\/uploads\/2026\/04\/Moskwa-zaniepokojonamaly.png 942w, http:\/\/radiomaria.com.pl\/wp-content\/uploads\/2026\/04\/Moskwa-zaniepokojonamaly-300x175.png 300w, http:\/\/radiomaria.com.pl\/wp-content\/uploads\/2026\/04\/Moskwa-zaniepokojonamaly-768x448.png 768w\" sizes=\"auto, (max-width: 942px) 100vw, 942px\" \/><figcaption class=\"wp-element-caption\">Dmitrij Pieskow<\/figcaption><\/figure>\n\n\n\n<h2 class=\"wp-block-heading\"><strong>Rzecznik prezydenta Rosji Dmitrij Pieskow odni\u00f3s\u0142 si\u0119 do doniesie\u0144 o mo\u017cliwych \u0107wiczeniach nuklearnych z udzia\u0142em Francji i Polski. Jak podaje propagandowa rosyjska agencja RIA, Moskwa oczekuje wyja\u015bnie\u0144 dotycz\u0105cych rodzaju planowanego uzbrojenia.<\/strong><\/h2>\n\n\n\n<figure class=\"wp-block-audio\"><audio controls src=\"http:\/\/radiomaria.com.pl\/wp-content\/uploads\/2026\/04\/22.04.Moskwa-zaniepokojona.mp3\"><\/audio><\/figure>\n\n\n\n<figure class=\"wp-block-image size-full\"><img loading=\"lazy\" decoding=\"async\" width=\"971\" height=\"539\" src=\"http:\/\/radiomaria.com.pl\/wp-content\/uploads\/2026\/04\/Spotkaniemaly.png\" alt=\"\" class=\"wp-image-18821\" srcset=\"http:\/\/radiomaria.com.pl\/wp-content\/uploads\/2026\/04\/Spotkaniemaly.png 971w, http:\/\/radiomaria.com.pl\/wp-content\/uploads\/2026\/04\/Spotkaniemaly-300x167.png 300w, http:\/\/radiomaria.com.pl\/wp-content\/uploads\/2026\/04\/Spotkaniemaly-768x426.png 768w\" sizes=\"auto, (max-width: 971px) 100vw, 971px\" \/><figcaption class=\"wp-element-caption\">\u0179r\u00f3d\u0142o zdj\u0119\u0107: \u00a9 Adam Bielan | Adam Bielan<\/figcaption><\/figure>\n\n\n\n<figure class=\"wp-block-audio\"><audio controls src=\"http:\/\/radiomaria.com.pl\/wp-content\/uploads\/2026\/04\/21.04.-Spotkanie-Kaczynskiegi-i-Morawieckiego.mp3\"><\/audio><\/figure>\n\n\n\n<figure class=\"wp-block-image size-full\"><img loading=\"lazy\" decoding=\"async\" width=\"984\" height=\"517\" src=\"http:\/\/radiomaria.com.pl\/wp-content\/uploads\/2025\/08\/Macronmaly.png\" alt=\"\" class=\"wp-image-18814\" srcset=\"http:\/\/radiomaria.com.pl\/wp-content\/uploads\/2025\/08\/Macronmaly.png 984w, http:\/\/radiomaria.com.pl\/wp-content\/uploads\/2025\/08\/Macronmaly-300x158.png 300w, http:\/\/radiomaria.com.pl\/wp-content\/uploads\/2025\/08\/Macronmaly-768x404.png 768w\" sizes=\"auto, (max-width: 984px) 100vw, 984px\" \/><figcaption class=\"wp-element-caption\">Spotkanie Emmanuela Macrona i Donalda Tuska w Gda\u0144sku&nbsp;fot. Karolina Misztal\/Dziennik Ba\u0142tycki\/Polska Press<\/figcaption><\/figure>\n\n\n\n<figure class=\"wp-block-audio\"><audio controls src=\"http:\/\/radiomaria.com.pl\/wp-content\/uploads\/2026\/04\/20.04.Macron-w-Gdansku.mp3\"><\/audio><\/figure>\n\n\n\n<figure class=\"wp-block-image size-full\"><img loading=\"lazy\" decoding=\"async\" width=\"962\" height=\"541\" src=\"http:\/\/radiomaria.com.pl\/wp-content\/uploads\/2026\/04\/Warszawa-w-Budamaly.png\" alt=\"\" class=\"wp-image-18776\" srcset=\"http:\/\/radiomaria.com.pl\/wp-content\/uploads\/2026\/04\/Warszawa-w-Budamaly.png 962w, http:\/\/radiomaria.com.pl\/wp-content\/uploads\/2026\/04\/Warszawa-w-Budamaly-300x169.png 300w, http:\/\/radiomaria.com.pl\/wp-content\/uploads\/2026\/04\/Warszawa-w-Budamaly-768x432.png 768w\" sizes=\"auto, (max-width: 962px) 100vw, 962px\" \/><\/figure>\n\n\n\n<h2 class=\"wp-block-heading\"><a href=\"https:\/\/htb.com.pl\/?p=138101\">Wybory parlamentarne na W\u0119grzech<\/a> &#8211; nowy wpis na blogu DATY I FAKTY<\/h2>\n\n\n\n<figure class=\"wp-block-image size-full\"><img loading=\"lazy\" decoding=\"async\" width=\"972\" height=\"535\" src=\"http:\/\/radiomaria.com.pl\/wp-content\/uploads\/2026\/04\/zondakrypto.png\" alt=\"\" class=\"wp-image-18798\" srcset=\"http:\/\/radiomaria.com.pl\/wp-content\/uploads\/2026\/04\/zondakrypto.png 972w, http:\/\/radiomaria.com.pl\/wp-content\/uploads\/2026\/04\/zondakrypto-300x165.png 300w, http:\/\/radiomaria.com.pl\/wp-content\/uploads\/2026\/04\/zondakrypto-768x423.png 768w\" sizes=\"auto, (max-width: 972px) 100vw, 972px\" \/><figcaption class=\"wp-element-caption\"><strong>Logo Zondacrypto widnia\u0142o na koszulkach Rakowa Cz\u0119stochowa (na zdj\u0119ciu napastnik zespo\u0142u Jonatan Brunes), a stadion klubu nazywa\u0142 si\u0119 Zondacrypto arena&nbsp;<\/strong>|&nbsp;Foto: Grzegorz Wajda\/REPORTER, Materia\u0142y prasowe \/ East News<\/figcaption><\/figure>\n\n\n\n<h2 class=\"wp-block-heading\">Kolejne problemy Zondacrypto. To koniec sponsoringu znanego klubu<\/h2>\n\n\n\n<figure class=\"wp-block-audio\"><audio controls src=\"http:\/\/radiomaria.com.pl\/wp-content\/uploads\/2026\/04\/17.04.Zondakrypto.mp3\"><\/audio><\/figure>\n\n\n\n<figure class=\"wp-block-embed is-type-video is-provider-youtube wp-block-embed-youtube wp-embed-aspect-16-9 wp-has-aspect-ratio\"><div class=\"wp-block-embed__wrapper\">\n<iframe loading=\"lazy\" title=\"SKANDAL! Czarzasty OBRAZI\u0141 Prezydenta Nawrockiego \u2013 PAD\u0141Y MOCNE S\u0141OWA!\" width=\"848\" height=\"477\" src=\"https:\/\/www.youtube.com\/embed\/2dobC-N8Rko?feature=oembed\" frameborder=\"0\" allow=\"accelerometer; autoplay; clipboard-write; encrypted-media; gyroscope; picture-in-picture; web-share\" referrerpolicy=\"strict-origin-when-cross-origin\" allowfullscreen><\/iframe>\n<\/div><\/figure>\n\n\n\n<figure class=\"wp-block-audio\"><audio controls src=\"http:\/\/radiomaria.com.pl\/wp-content\/uploads\/2026\/04\/14.04.Wpadka-Czarzastego.mp3\"><\/audio><\/figure>\n\n\n\n<p><strong>Nie b\u0119d\u0119 si\u0119 czepia\u0142 Czarzastego<\/strong><\/p>\n\n\n\n<figure class=\"wp-block-audio\"><audio controls src=\"http:\/\/radiomaria.com.pl\/wp-content\/uploads\/2026\/04\/15.04.Nie-bede-sie-czepial-Czarzastego.mp3\"><\/audio><\/figure>\n\n\n\n<figure class=\"wp-block-image size-full\"><img loading=\"lazy\" decoding=\"async\" width=\"962\" height=\"541\" src=\"http:\/\/radiomaria.com.pl\/wp-content\/uploads\/2026\/04\/Warszawa-w-Budamaly.png\" alt=\"\" class=\"wp-image-18776\" srcset=\"http:\/\/radiomaria.com.pl\/wp-content\/uploads\/2026\/04\/Warszawa-w-Budamaly.png 962w, http:\/\/radiomaria.com.pl\/wp-content\/uploads\/2026\/04\/Warszawa-w-Budamaly-300x169.png 300w, http:\/\/radiomaria.com.pl\/wp-content\/uploads\/2026\/04\/Warszawa-w-Budamaly-768x432.png 768w\" sizes=\"auto, (max-width: 962px) 100vw, 962px\" \/><\/figure>\n\n\n\n<h2 class=\"wp-block-heading\"><strong>Na W\u0119grzech polityczne trz\u0119sienie ziemi. Po 16 latach nieprzerwanych rz\u0105d\u00f3w Viktor Orban ponosi wyborcz\u0105 kl\u0119sk\u0119, a zwyci\u0119stwo opozycyjnej partii TISZA Petera Magyara jest ju\u017c pewne.<\/strong><\/h2>\n\n\n\n<figure class=\"wp-block-audio\"><audio controls src=\"http:\/\/radiomaria.com.pl\/wp-content\/uploads\/2026\/04\/13.04.Warszawa-w-Budapeszcie.mp3\"><\/audio><\/figure>\n\n\n\n<figure class=\"wp-block-image size-full\"><img loading=\"lazy\" decoding=\"async\" width=\"880\" height=\"557\" src=\"http:\/\/radiomaria.com.pl\/wp-content\/uploads\/2026\/04\/Straszeniemaly.png\" alt=\"\" class=\"wp-image-18769\" srcset=\"http:\/\/radiomaria.com.pl\/wp-content\/uploads\/2026\/04\/Straszeniemaly.png 880w, http:\/\/radiomaria.com.pl\/wp-content\/uploads\/2026\/04\/Straszeniemaly-300x190.png 300w, http:\/\/radiomaria.com.pl\/wp-content\/uploads\/2026\/04\/Straszeniemaly-768x486.png 768w\" sizes=\"auto, (max-width: 880px) 100vw, 880px\" \/><\/figure>\n\n\n\n<h2 class=\"wp-block-heading\"><a href=\"https:\/\/htb.com.pl\/?p=137761\">Straszenie wojn\u0105<\/a> nowy wpis na blogu DATY I FAKTY<\/h2>\n\n\n\n\n\n<p><\/p>\n\n\n\n<p><\/p>\n\n\n\n<p><\/p>\n\n\n\n<h2 class=\"wp-block-heading\">Radio MARIA<\/h2>\n\n\n\n<h2 class=\"wp-block-heading\"><strong>Codziennie gramy i gadamy &#8211; od godziny 23 do 5-tej tylko gramy.<\/strong><\/h2>\n\n\n\n<h2 class=\"wp-block-heading\">Audycje Radia MARIA<\/h2>\n\n\n\n<p><strong>Hejt Brake<\/strong> od 5 do 17,30<\/p>\n\n\n\n<p><strong>Radiokurier<\/strong>&nbsp;polecamy \u2013 popo\u0142udni\u00f3wka Radia Maria dla m\u0142odych. To parafraza s\u0142\u00f3w Andrzeja Turskiego. Prowadzi\u0142 tak\u0105 audycj\u0119 od roku 1971 do 11 grudnia 1981. Tam anons brzmia\u0142; popo\u0142udni\u00f3wka studia m\u0142odych. Czyli&nbsp; takich nas wtedy. Przypomnijmy sobie jak by\u0142o&#8230;<\/p>\n\n\n\n<p>Tak\u0105 w\u0142a\u015bnie audycj\u0119 dzi\u015b w Radiu MARIA mamy, jak wtedy p\u00f3\u0142 godziny przed osiemnast\u0105 zaczynamy i do 18 gramy.<\/p>\n\n\n\n<p><strong>Powt\u00f3rka<\/strong> od 18 do 22. Powtarzamy to, co do po\u0142udnia nagramy.<\/p>\n\n\n\n<p><strong>R\u00f3\u017caniec Marysi<\/strong> od 22<\/p>\n\n\n\n<p><strong>Uwaga &#8211; temat\u00f3w do naszych audycji szukamy, jak nas zaprosicie razem co\u015b nagramy.<\/strong><\/p>\n\n\n\n<p>Je\u017celi w naszym streamingu pojawi si\u0119 taki napis <a href=\"https:\/\/stacja.radiohost.pl\/customBoxes\/link\/568\/8d5a0\/type\/aplayer2\/\"><img loading=\"lazy\" decoding=\"async\" width=\"150\" height=\"94\" class=\"wp-image-14879\" style=\"width: 150px;\" src=\"http:\/\/radiomaria.com.pl\/wp-content\/uploads\/2024\/10\/Jestem.png\" alt=\"\" srcset=\"http:\/\/radiomaria.com.pl\/wp-content\/uploads\/2024\/10\/Jestem.png 640w, http:\/\/radiomaria.com.pl\/wp-content\/uploads\/2024\/10\/Jestem-300x187.png 300w\" sizes=\"auto, (max-width: 150px) 100vw, 150px\" \/><\/a> znaczy, \u017ce sklep firmowy Radia MARIA w Mielcu, ul. Wolno\u015bci 23 AR jest otwarty. Sprzedajemy tam <a href=\"https:\/\/htb.com.pl\/?product_cat=specyfiki-marysi\"><strong>KOSMETYKI I SPECYFIKI MARYSI<\/strong>.<\/a><\/p>\n\n\n\n<p><strong>Zdj\u0119cie poni\u017cej to symbol Radia NARIA, mo\u017cna go otrzyma\u0107 jako magnes (na lod\u00f3wk\u0119), na odwrocie jest kontakt umo\u017cliwiaj\u0105cy w\u0142\u0105czenie streamingu. Znaczy mo\u017cna nas s\u0142ucha\u0107 za darmo na ca\u0142ym \u015bwiecie.<\/strong><\/p>\n\n\n\n<div class=\"wp-block-media-text alignwide is-stacked-on-mobile\"><figure class=\"wp-block-media-text__media\"><img loading=\"lazy\" decoding=\"async\" width=\"200\" height=\"272\" src=\"http:\/\/radiomaria.com.pl\/wp-content\/uploads\/2020\/06\/Matka-Boska.jpg\" alt=\"\" class=\"wp-image-7 size-full\"\/><\/figure><div class=\"wp-block-media-text__content\">\n<p><strong>Matka Boska Hodegetria  <\/strong><\/p>\n\n\n\n<p>Czyli wskazuj\u0105ca drog\u0119 &#8211; taki obraz w 1986 roku wisia\u0142 w mieszkaniu Marysi, wtedy mojej dziewczyny. Opowiada\u0142a mi o <a href=\"https:\/\/onlineradiobox.com\/it\/maria\/?cs=it.maria&amp;lang=pl\">W\u0141OSKIM RADIU MARIA<\/a>, chcia\u0142a takie uruchomi\u0107 w Polsce. We wpisie <a href=\"https:\/\/htb.com.pl\/?p=2793\">&#8222;SYLWESTER 1986-1987 ROK \u2013 Z MARYSI\u0104&#8221; <\/a>opisa\u0142em, jak pr\u00f3bowa\u0142a zdoby\u0107 cz\u0119stotliwo\u015bci radiowe. Dlaczego nie zdoby\u0142a i Radia Maria nie uruchomi\u0142a na <a href=\"https:\/\/htb.com.pl\/?cat=4\">blogu<\/a> opisa\u0142em i to moje radio jej zadedykowa\u0142em.<\/p>\n\n\n\n<p><strong>Radio Maria<\/strong>&nbsp;to te\u017c mi\u0119dzynarodowa katolicka&nbsp;stacja radiowa&nbsp;za\u0142o\u017cona w&nbsp;<a href=\"https:\/\/pl.wikipedia.org\/wiki\/Como\">Como<\/a>&nbsp;we&nbsp;W\u0142oszech. <em><strong><a href=\"https:\/\/pl.wikipedia.org\/wiki\/Radio_Maria\">Wi\u0119cej.<\/a><\/strong><\/em><\/p>\n\n\n\n<p>Ja\u015b <em>(tak mnie nazywa\u0142a)<\/em><\/p>\n<\/div><\/div>\n\n\n\n<h2 class=\"wp-block-heading\">Naszym mottem jest nie m\u00f3wi\u0107 \u017ale o nieobecnych. W Internecie wszyscy jeste\u015bmy i gdyby\u015bcie si\u0119 czuli przez nas pom\u00f3wieni zadzwo\u0144cie, my w odr\u00f3\u017cnieniu od innych odbierzemy.<\/h2>\n\n\n\n<figure class=\"wp-block-image size-large\"><img loading=\"lazy\" decoding=\"async\" width=\"210\" height=\"100\" src=\"http:\/\/radiomaria.com.pl\/wp-content\/uploads\/2021\/02\/LOGO-i-tel.png\" alt=\"\" class=\"wp-image-6214\"\/><\/figure>\n","protected":false},"excerpt":{"rendered":"<p>ZOBACZ WPIS I S\u0141UCHAJ O SOBIE W CZWARTEJ OSOBIE<\/p>\n","protected":false},"author":1,"featured_media":281,"comment_status":"open","ping_status":"open","sticky":true,"template":"","format":"standard","meta":{"footnotes":""},"categories":[1],"tags":[31,32,39,33,4],"class_list":["post-152","post","type-post","status-publish","format-standard","has-post-thumbnail","hentry","category-bez-kategorii","tag-dj","tag-konferansjer","tag-kuchnia-radiowa","tag-oprawa-muzyczna","tag-radio-maria"],"_links":{"self":[{"href":"http:\/\/radiomaria.com.pl\/index.php?rest_route=\/wp\/v2\/posts\/152","targetHints":{"allow":["GET"]}}],"collection":[{"href":"http:\/\/radiomaria.com.pl\/index.php?rest_route=\/wp\/v2\/posts"}],"about":[{"href":"http:\/\/radiomaria.com.pl\/index.php?rest_route=\/wp\/v2\/types\/post"}],"author":[{"embeddable":true,"href":"http:\/\/radiomaria.com.pl\/index.php?rest_route=\/wp\/v2\/users\/1"}],"replies":[{"embeddable":true,"href":"http:\/\/radiomaria.com.pl\/index.php?rest_route=%2Fwp%2Fv2%2Fcomments&post=152"}],"version-history":[{"count":4292,"href":"http:\/\/radiomaria.com.pl\/index.php?rest_route=\/wp\/v2\/posts\/152\/revisions"}],"predecessor-version":[{"id":18876,"href":"http:\/\/radiomaria.com.pl\/index.php?rest_route=\/wp\/v2\/posts\/152\/revisions\/18876"}],"wp:featuredmedia":[{"embeddable":true,"href":"http:\/\/radiomaria.com.pl\/index.php?rest_route=\/wp\/v2\/media\/281"}],"wp:attachment":[{"href":"http:\/\/radiomaria.com.pl\/index.php?rest_route=%2Fwp%2Fv2%2Fmedia&parent=152"}],"wp:term":[{"taxonomy":"category","embeddable":true,"href":"http:\/\/radiomaria.com.pl\/index.php?rest_route=%2Fwp%2Fv2%2Fcategories&post=152"},{"taxonomy":"post_tag","embeddable":true,"href":"http:\/\/radiomaria.com.pl\/index.php?rest_route=%2Fwp%2Fv2%2Ftags&post=152"}],"curies":[{"name":"wp","href":"https:\/\/api.w.org\/{rel}","templated":true}]}}