{"id":1382,"date":"2021-01-28T19:07:48","date_gmt":"2021-01-28T18:07:48","guid":{"rendered":"http:\/\/radiomaria.com.pl\/?p=1382"},"modified":"2026-04-06T10:08:31","modified_gmt":"2026-04-06T08:08:31","slug":"pozdrowienie-na-antenie","status":"publish","type":"post","link":"http:\/\/radiomaria.com.pl\/?p=1382","title":{"rendered":"Pozdrowienie na antenie"},"content":{"rendered":"\n<p><\/p>\n\n\n\n<figure class=\"wp-block-image size-large\"><a href=\"http:\/\/stacja.radiohost.pl\/customBoxes\/link\/568\/8d5a0\/type\/aplayer2\/\"><img loading=\"lazy\" decoding=\"async\" width=\"210\" height=\"62\" src=\"http:\/\/radiomaria.com.pl\/wp-content\/uploads\/2020\/09\/LOGO-PODCASTMA\u0141Y.png\" alt=\"\" class=\"wp-image-610\"\/><\/a><\/figure>\n\n\n\n<figure class=\"wp-block-image size-large\"><a href=\"http:\/\/stacja.radiohost.pl\/customBoxes\/link\/568\/8d5a0\/type\/aplayer2\/\"><img loading=\"lazy\" decoding=\"async\" width=\"141\" height=\"141\" src=\"http:\/\/radiomaria.com.pl\/wp-content\/uploads\/2021\/08\/play-bardzo-maly.png\" alt=\"\" class=\"wp-image-3445\"\/><\/a><\/figure>\n\n\n\n<figure class=\"wp-block-image size-thumbnail\"><a href=\"https:\/\/htb.com.pl\/?page_id=300\"><img loading=\"lazy\" decoding=\"async\" width=\"150\" height=\"150\" src=\"http:\/\/radiomaria.com.pl\/wp-content\/uploads\/2021\/04\/LOGO-W\u00d3ZEK-150x150.jpg\" alt=\"\" class=\"wp-image-2288\"\/><\/a><\/figure>\n\n\n\n<p><\/p>\n\n\n\n<p><strong> <\/strong><\/p>\n\n\n\n<p><img loading=\"lazy\" decoding=\"async\" width=\"97\" height=\"100\" class=\"wp-image-2563\" style=\"width: 97px;\" src=\"http:\/\/radiomaria.com.pl\/wp-content\/uploads\/2020\/10\/Tel-ma\u0142y.jpg\" alt=\"\"> <strong>(+48) 519652500<\/strong><\/p>\n\n\n\n<h2 class=\"wp-block-heading\">Obrazek klikamy i spraw\u0119 pozdrowie\u0144 za\u0142atwiamy&#8230;<\/h2>\n\n\n\n<figure class=\"wp-block-image size-large\"><a href=\"https:\/\/htb.com.pl\/?product=pozdrowienie-na-antenie\"><img loading=\"lazy\" decoding=\"async\" width=\"496\" height=\"501\" src=\"http:\/\/radiomaria.com.pl\/wp-content\/uploads\/2020\/10\/Nutki.jpg\" alt=\"\" class=\"wp-image-827\" srcset=\"http:\/\/radiomaria.com.pl\/wp-content\/uploads\/2020\/10\/Nutki.jpg 496w, http:\/\/radiomaria.com.pl\/wp-content\/uploads\/2020\/10\/Nutki-297x300.jpg 297w\" sizes=\"auto, (max-width: 496px) 100vw, 496px\" \/><\/a><\/figure>\n\n\n\n<p><strong>Oni skorzystali:<\/strong>a<\/p>\n\n\n\n<h2 class=\"wp-block-heading\">Rok 2026<\/h2>\n\n\n\n<ul class=\"wp-block-list\">\n<li>04.04. <a href=\"http:\/\/radiomaria.com.pl\/wp-content\/uploads\/2026\/04\/Wielkanoc-2026-1.mp3\">Wielkanocne \u017byczenie Radia MARIA<\/a><\/li>\n<\/ul>\n\n\n\n<h2 class=\"wp-block-heading\">Rok 2025<\/h2>\n\n\n\n<ul class=\"wp-block-list\">\n<li><a href=\"http:\/\/radiomaria.com.pl\/wp-content\/uploads\/2025\/02\/0602ImieninyDorotki.mp3\">06.02 Imieniny Dorotki.<\/a><\/li>\n\n\n\n<li><a href=\"http:\/\/radiomaria.com.pl\/wp-content\/uploads\/2025\/06\/Urodziny-Sasiedki-z-Bazaru.mp3\">12.06. Urodziny S\u0105siadki z Bazaru.<\/a><\/li>\n<\/ul>\n\n\n\n<ul class=\"wp-block-list\">\n<li><a href=\"http:\/\/radiomaria.com.pl\/wp-content\/uploads\/2025\/04\/Wielkanoc-2025.mp3\">19.04. \u017buczenia Wielkanocne<\/a><\/li>\n\n\n\n<li><a href=\"http:\/\/radiomaria.com.pl\/wp-content\/uploads\/2025\/06\/A24.06.Zyczenia.mp3\">24.06. Podzi\u0119kowanie za \u017byczenia Urodzinowe. <\/a><\/li>\n\n\n\n<li><a href=\"http:\/\/radiomaria.com.pl\/wp-content\/uploads\/2025\/07\/DlaHalinyTeligi.mp3\">03.07. Urodziny Haliny<\/a><\/li>\n\n\n\n<li><a href=\"http:\/\/radiomaria.com.pl\/wp-content\/uploads\/2025\/08\/A-24.08-Dla-Dagmary.mp3\">24.08. Urodziny Dagmary<\/a><\/li>\n\n\n\n<li><a href=\"http:\/\/radiomaria.com.pl\/wp-content\/uploads\/2025\/08\/26.08.Urodziny-Pawla.mp3\">25.08. Urodziny Paw\u0142a<\/a><\/li>\n\n\n\n<li><a href=\"http:\/\/radiomaria.com.pl\/wp-content\/uploads\/2025\/11\/A29.11.Urodziny-Konrada.mp3\">29.11. Urodziny Konrada<\/a><\/li>\n<\/ul>\n\n\n\n<p><\/p>\n\n\n\n<h2 class=\"wp-block-heading\">Rok 2024<\/h2>\n\n\n\n<ul class=\"wp-block-list\">\n<li><a href=\"http:\/\/radiomaria.com.pl\/wp-content\/uploads\/2024\/01\/Urodziny-Marioli.mp3\">21.01. Urodziny Marioli<\/a><\/li>\n\n\n\n<li><a href=\"http:\/\/radiomaria.com.pl\/wp-content\/uploads\/2024\/02\/Imieniny-Dorotki.mp3\">06.02. Imieniny Dorotki.<\/a><\/li>\n\n\n\n<li><a href=\"http:\/\/radiomaria.com.pl\/wp-content\/uploads\/2024\/03\/EwaGrabysz.mp3\">08.03.DZIE\u0143 KOBIET od Frania&#8221; dla Ewy Grabysz.<\/a><\/li>\n\n\n\n<li><a href=\"http:\/\/radiomaria.com.pl\/wp-content\/uploads\/2024\/03\/Wielkanoc-2024.mp3\">30.03. WIELKANOCNE \u017bYCZENIA.<\/a><\/li>\n\n\n\n<li>16.0<a href=\"http:\/\/radiomaria.com.pl\/wp-content\/uploads\/2024\/04\/ZyczeniadlaModesty.mp3\">4. \u017byczenia urodzinowe dla Modesty Sapkowskiej.<\/a> <\/li>\n\n\n\n<li><a href=\"http:\/\/radiomaria.com.pl\/wp-content\/uploads\/2024\/04\/Dominika.mp3\">22.04. \u017byczenia urodzinowe dla Dominiki Bejnarowicz.<\/a><\/li>\n\n\n\n<li><a href=\"http:\/\/radiomaria.com.pl\/wp-content\/uploads\/2024\/05\/Dzien-Matki-2024.mp3\">26.05. Dzie\u0144 Matki.<\/a><\/li>\n\n\n\n<li><a href=\"http:\/\/radiomaria.com.pl\/wp-content\/uploads\/2024\/06\/Podziekowanie-za-Zyczenia.mp3\">23. 06. Dzie\u0144 Ojca.<\/a> <a href=\"http:\/\/radiomaria.com.pl\/wp-content\/uploads\/2024\/06\/Podziekowanie-za-Zyczenia.mp3\"><img loading=\"lazy\" decoding=\"async\" width=\"150\" height=\"113\" class=\"wp-image-13953\" style=\"width: 150px;\" src=\"http:\/\/radiomaria.com.pl\/wp-content\/uploads\/2024\/06\/Od-Konrada.jpg\" alt=\"\" srcset=\"http:\/\/radiomaria.com.pl\/wp-content\/uploads\/2024\/06\/Od-Konrada.jpg 640w, http:\/\/radiomaria.com.pl\/wp-content\/uploads\/2024\/06\/Od-Konrada-300x225.jpg 300w\" sizes=\"auto, (max-width: 150px) 100vw, 150px\" \/><\/a><\/li>\n\n\n\n<li><a href=\"http:\/\/radiomaria.com.pl\/wp-content\/uploads\/2024\/07\/Urodziny-Haliny-Teligi.mp3\">03.07. Urodziny Pani Haliny Teligi.<\/a><\/li>\n\n\n\n<li><a href=\"http:\/\/radiomaria.com.pl\/wp-content\/uploads\/2024\/08\/AdamSiebidaUrodziny.mp3\">14.08. Urodziny Adama.<\/a><\/li>\n\n\n\n<li><a href=\"http:\/\/radiomaria.com.pl\/wp-content\/uploads\/2024\/10\/Gorazdurodziny.mp3\">31.10. \u017byczenia Urodzinowe dla Miros\u0142awy Gorazd &#8211; takie radiowe.<\/a><\/li>\n<\/ul>\n\n\n\n<h2 class=\"wp-block-heading\">Rok 2023<\/h2>\n\n\n\n<ul class=\"wp-block-list\">\n<li><a href=\"http:\/\/radiomaria.com.pl\/wp-content\/uploads\/2023\/01\/Panstwo-Buczek-Rocznica-Skubu1.mp3\">Pa\u0144stwo Buczek &#8211; Rocznica \u015alubu.<\/a><\/li>\n\n\n\n<li><a href=\"http:\/\/radiomaria.com.pl\/wp-content\/uploads\/2023\/01\/Dla-Marioli-na-urodziny.mp3\">21.01. Urodziny Marioli.<\/a><\/li>\n\n\n\n<li><a href=\"http:\/\/radiomaria.com.pl\/wp-content\/uploads\/2023\/03\/Dzien-kobiet-2023.mp3\">08.10. Dzie\u0144 Kobiet \u2013 \u017byczenia od Radia MARIA<\/a>. <a href=\"http:\/\/radiomaria.com.pl\/wp-content\/uploads\/2023\/03\/Dzien-kobiet-2023.mp3\"><img loading=\"lazy\" decoding=\"async\" width=\"150\" height=\"213\" class=\"wp-image-9461\" style=\"width: 150px;\" src=\"http:\/\/radiomaria.com.pl\/wp-content\/uploads\/2023\/03\/51kch6m9UjL._AC_.jpg\" alt=\"\" srcset=\"http:\/\/radiomaria.com.pl\/wp-content\/uploads\/2023\/03\/51kch6m9UjL._AC_.jpg 352w, http:\/\/radiomaria.com.pl\/wp-content\/uploads\/2023\/03\/51kch6m9UjL._AC_-211x300.jpg 211w\" sizes=\"auto, (max-width: 150px) 100vw, 150px\" \/><\/a><\/li>\n\n\n\n<li><a href=\"http:\/\/radiomaria.com.pl\/wp-content\/uploads\/2023\/04\/Bejnarowicz.mp3\">07.04. Regina Bejnarowicz. <\/a><\/li>\n\n\n\n<li><a href=\"http:\/\/radiomaria.com.pl\/wp-content\/uploads\/2023\/04\/Urodziny-Dominiki.mp3\">22.04. Urodziny Dominiki Bejnarowicz.<\/a><\/li>\n\n\n\n<li><a href=\"http:\/\/radiomaria.com.pl\/wp-content\/uploads\/2023\/05\/Urodziny-Basi.mp3\">01.05. Urodziny Basi z Zaklikowa.<\/a><\/li>\n\n\n\n<li><a href=\"http:\/\/radiomaria.com.pl\/wp-content\/uploads\/2023\/06\/Podziekowanie-za-zyczenia.mp3\">26.06. Podzi\u0119kowanie za \u017cyczenia<\/a><\/li>\n\n\n\n<li><a href=\"http:\/\/radiomaria.com.pl\/wp-content\/uploads\/2023\/07\/Urodziny-bOanu-Hakuny-Teliga.mp3\">03.07. Urodziny Pani Haliny Teligi.<\/a> <a href=\"http:\/\/radiomaria.com.pl\/wp-content\/uploads\/2023\/07\/Urodziny-bOanu-Hakuny-Teliga.mp3\"><img loading=\"lazy\" decoding=\"async\" width=\"150\" height=\"98\" class=\"wp-image-10523\" style=\"width: 150px;\" src=\"http:\/\/radiomaria.com.pl\/wp-content\/uploads\/2023\/07\/Halina-i-Aleksandet.png\" alt=\"\" srcset=\"http:\/\/radiomaria.com.pl\/wp-content\/uploads\/2023\/07\/Halina-i-Aleksandet.png 680w, http:\/\/radiomaria.com.pl\/wp-content\/uploads\/2023\/07\/Halina-i-Aleksandet-300x195.png 300w\" sizes=\"auto, (max-width: 150px) 100vw, 150px\" \/><\/a><\/li>\n\n\n\n<li><a href=\"http:\/\/radiomaria.com.pl\/wp-content\/uploads\/2023\/08\/Rozmowy-przy-straganie-pozdrowienie.mp3\" data-type=\"link\" data-id=\"http:\/\/radiomaria.com.pl\/wp-content\/uploads\/2023\/08\/Rozmowy-przy-straganie-pozdrowienie.mp3\">19.08. Rozmowy przy straganie &#8211; pozdrowienie.<\/a><\/li>\n\n\n\n<li><a href=\"http:\/\/radiomaria.com.pl\/wp-content\/uploads\/2023\/11\/URODZINY-Kondrda.mp3\">29.11. Urodziny KONRADA.<\/a><\/li>\n\n\n\n<li><a href=\"http:\/\/radiomaria.com.pl\/wp-content\/uploads\/2023\/12\/Urodziny-Grazyny.mp3\">02.12.Urodziny Gra\u017cyny.<\/a><\/li>\n\n\n\n<li><a href=\"http:\/\/radiomaria.com.pl\/wp-content\/uploads\/2023\/12\/Basia-imieniny.mp3\">04.12. Imieniny Basi Strza\u0142a.<\/a><\/li>\n\n\n\n<li><a href=\"http:\/\/radiomaria.com.pl\/wp-content\/uploads\/2023\/12\/Dla-Pani-Doroty-Smereckiej.mp3\">12.12. Urodziny Pani Doroty Smerewckiej.<\/a><\/li>\n\n\n\n<li><a href=\"http:\/\/radiomaria.com.pl\/wp-content\/uploads\/2023\/12\/Bodnar-urodziny.mp3\">16.12. Urodziny Samuela Bodnara<\/a>.<\/li>\n<\/ul>\n\n\n\n<p><\/p>\n\n\n\n<h2 class=\"wp-block-heading\">Rok 2022<\/h2>\n\n\n\n<ul class=\"wp-block-list\">\n<li><a href=\"http:\/\/radiomaria.com.pl\/wp-content\/uploads\/2022\/01\/Dla-Mariusza.mp3\">16.01. Dla Mariusza<\/a><\/li>\n<\/ul>\n\n\n\n<ul class=\"wp-block-list\">\n<li><a href=\"http:\/\/radiomaria.com.pl\/wp-content\/uploads\/2022\/01\/Gewchuta-dla-Marioli.mp3\">21.01 Urodziny Marioli<\/a><\/li>\n<\/ul>\n\n\n\n<ul class=\"wp-block-list\">\n<li><a href=\"http:\/\/radiomaria.com.pl\/wp-content\/uploads\/2022\/02\/02.02.2022.-Imieniny-Marii.mp3\">02.02.2022. Imieniny Marii. NIEZWYK\u0141A DATA.<\/a><\/li>\n<\/ul>\n\n\n\n<ul class=\"wp-block-list\">\n<li><a href=\"http:\/\/radiomaria.com.pl\/wp-content\/uploads\/2022\/02\/Dla-Dorotki.mp3\">06.02. Imieniny Dorotki<\/a><\/li>\n<\/ul>\n\n\n\n<ul class=\"wp-block-list\">\n<li><a href=\"http:\/\/radiomaria.com.pl\/wp-content\/uploads\/2022\/03\/Dzien-kobiet-2022.mp3\">08.03. Dzie\u0144 Kobiet 2022<\/a><\/li>\n<\/ul>\n\n\n\n<ul class=\"wp-block-list\">\n<li><a href=\"http:\/\/radiomaria.com.pl\/wp-content\/uploads\/2022\/04\/A23.04DlaPolesia.mp3\">23.04. \u015awi\u0105teczne \u017byczenia dla Prawos\u0142awia i Grekokatolik\u00f3w od Radia MARIA<\/a>.<\/li>\n<\/ul>\n\n\n\n<ul class=\"wp-block-list\">\n<li><a href=\"http:\/\/radiomaria.com.pl\/wp-content\/uploads\/2022\/05\/Dla-Basi.mp3\">01.05. Dla Basi<\/a><\/li>\n\n\n\n<li><a href=\"http:\/\/radiomaria.com.pl\/wp-content\/uploads\/2022\/05\/A22.05.-dla-walczacych-Ukraunek.mp3\">22.05. Dla walcz\u0105cych Ukrainek.<\/a><\/li>\n\n\n\n<li><a href=\"http:\/\/radiomaria.com.pl\/wp-content\/uploads\/2022\/05\/Dzien-Mamy1.mp3\">26.05. Dzie\u0144 Mamy.<\/a><\/li>\n\n\n\n<li><a href=\"http:\/\/radiomaria.com.pl\/wp-content\/uploads\/2022\/06\/Podziekowaniew-dla-Pani.mp3\">02.06. Podzi\u0119kowanie dla Pani radnej Jolanty Wolskiej za wywiad dla Radia MARIA.<\/a><\/li>\n\n\n\n<li><a href=\"http:\/\/radiomaria.com.pl\/wp-content\/uploads\/2022\/06\/Dla-Ani.mp3\">\u017byczenia Urodzinowe dla Ani.<\/a><\/li>\n\n\n\n<li><a href=\"http:\/\/radiomaria.com.pl\/wp-content\/uploads\/2022\/06\/Dzien-Ojca.mp3\">23.06. Dzie\u0144 Ojca.<\/a><\/li>\n\n\n\n<li><a href=\"http:\/\/radiomaria.com.pl\/wp-content\/uploads\/2022\/06\/Podziekowanie.mp3\">24.06. Podzi\u0119kowanie za \u017cyczenia urodzinowo imieninowe.<\/a><\/li>\n\n\n\n<li><a href=\"http:\/\/radiomaria.com.pl\/wp-content\/uploads\/2022\/06\/Piotrek-imieniny.mp3\">29.06. M\u00f3j Brat Piotrek ma imieniny.<\/a><\/li>\n\n\n\n<li><a href=\"http:\/\/radiomaria.com.pl\/wp-content\/uploads\/2022\/07\/Anny.mp3\">26.07. Imieniny Anny.<\/a><\/li>\n\n\n\n<li><a href=\"http:\/\/radiomaria.com.pl\/wp-content\/uploads\/2022\/08\/Dla-Ireny.mp3\">09.08. Dla Ireny.<\/a><\/li>\n\n\n\n<li><a href=\"http:\/\/radiomaria.com.pl\/wp-content\/uploads\/2022\/08\/Swieto-Wojaka-Polskiego.mp3\">15.08. \u015awi\u0119to Wojska Polskiego \u2013 \u017byczenia od Radia Marysinego.<\/a><\/li>\n\n\n\n<li><a href=\"http:\/\/radiomaria.com.pl\/wp-content\/uploads\/2022\/10\/Dzien-Nauczyciela.mp3\">14.10. Dzie\u0144 Nauczyciela.<\/a><\/li>\n\n\n\n<li><a href=\"http:\/\/radiomaria.com.pl\/wp-content\/uploads\/2022\/10\/Dla-Oddzialu.mp3\">25.10. Podzi\u0119kowanie dla Oddzia\u0142u Neurochirurgii w Mielcu.<\/a> <a href=\"http:\/\/radiomaria.com.pl\/wp-content\/uploads\/2022\/10\/Dla-Oddzialu.mp3\"><img loading=\"lazy\" decoding=\"async\" width=\"150\" height=\"89\" class=\"wp-image-8259\" style=\"width: 150px;\" src=\"http:\/\/radiomaria.com.pl\/wp-content\/uploads\/2022\/10\/SzpitalM.jpg\" alt=\"\" srcset=\"http:\/\/radiomaria.com.pl\/wp-content\/uploads\/2022\/10\/SzpitalM.jpg 998w, http:\/\/radiomaria.com.pl\/wp-content\/uploads\/2022\/10\/SzpitalM-300x177.jpg 300w, http:\/\/radiomaria.com.pl\/wp-content\/uploads\/2022\/10\/SzpitalM-768x454.jpg 768w\" sizes=\"auto, (max-width: 150px) 100vw, 150px\" \/><\/a><\/li>\n\n\n\n<li><a href=\"http:\/\/radiomaria.com.pl\/wp-content\/uploads\/2022\/12\/A02.12.Urodzinu-Grazynki.mp3\">02.12. Urodziny Gra\u017cynki.<\/a><\/li>\n\n\n\n<li><a href=\"http:\/\/radiomaria.com.pl\/wp-content\/uploads\/2022\/12\/Urodziny-Doroty.mp3\">12.12. Urodziny Doroty Smereckiej.<\/a><\/li>\n\n\n\n<li><a href=\"http:\/\/radiomaria.com.pl\/wp-content\/uploads\/2022\/12\/Samuel.mp3\">16.12. Urodziny Samuela.<\/a><\/li>\n\n\n\n<li><a href=\"http:\/\/radiomaria.com.pl\/wp-content\/uploads\/2022\/12\/Zyczenia-Zaklad-Metalowy-ORTYL.mp3\">\u017byczenia z okazji \u015awi\u0105t Bo\u017cego Narodzenia dla<\/a> <a href=\"http:\/\/radiomaria.com.pl\/wp-content\/uploads\/2022\/12\/Zyczenia-Zaklad-Metalowy-ORTYL.mp3\"><img loading=\"lazy\" decoding=\"async\" width=\"55\" height=\"55\" class=\"wp-image-8808\" style=\"width: 55px;\" src=\"http:\/\/radiomaria.com.pl\/wp-content\/uploads\/2021\/01\/Ort.jpg\" alt=\"\"><\/a><\/li>\n\n\n\n<li><a href=\"http:\/\/radiomaria.com.pl\/wp-content\/uploads\/2022\/12\/Portierzy.mp3\">25.12. PORTIERZY  z Zak\u0142adu Metalowego ORTYL w \u0141awnicy dzi\u0119kuj\u0105 za \u017cyczenia.<\/a> <a href=\"http:\/\/radiomaria.com.pl\/wp-content\/uploads\/2022\/12\/Portierzy.mp3\"><img loading=\"lazy\" decoding=\"async\" width=\"150\" height=\"113\" class=\"wp-image-8842\" style=\"width: 150px;\" src=\"http:\/\/radiomaria.com.pl\/wp-content\/uploads\/2022\/12\/Zyczenia-H.jpg\" alt=\"\" srcset=\"http:\/\/radiomaria.com.pl\/wp-content\/uploads\/2022\/12\/Zyczenia-H.jpg 640w, http:\/\/radiomaria.com.pl\/wp-content\/uploads\/2022\/12\/Zyczenia-H-300x225.jpg 300w\" sizes=\"auto, (max-width: 150px) 100vw, 150px\" \/><\/a><\/li>\n<\/ul>\n\n\n\n<h2 class=\"wp-block-heading\">Rok 2021<\/h2>\n\n\n\n<ul class=\"wp-block-list\">\n<li><a href=\"http:\/\/radiomaria.com.pl\/wp-content\/uploads\/2021\/01\/Jasio-Hyjek.mp3\">06.01. Jasio Hyjek ma urodziny \ud83d\ude42<\/a><\/li>\n\n\n\n<li>07.01.<a href=\"http:\/\/radiomaria.com.pl\/wp-content\/uploads\/2021\/01\/Bo%C5%BCe-Narodzenie.mp3\">&nbsp;\u0420\u043e\u0434\u0438\u043b\u0441\u044f \u043f\u0440\u0430\u0432\u043e\u0441\u043b\u0430\u0432\u043d\u044b\u0439 \u0420\u043e\u0436\u0434\u0435\u0441\u0442\u0432\u0435\u043d\u0441\u043a\u0438\u0439 \u0411\u043e\u0433.<\/a><\/li>\n\n\n\n<li><em><a href=\"http:\/\/radiomaria.com.pl\/wp-content\/uploads\/2021\/01\/26-Rocznica.mp3\">08.01. 26 Rocznica \u015alubu Pa\u0144stwa Buczek.<\/a><\/em><\/li>\n\n\n\n<li><a href=\"http:\/\/radiomaria.com.pl\/wp-content\/uploads\/2021\/01\/Urodziny-Rawicka-ca%C5%82o%C5%9B%C4%87.mp3\">13.01. Urodziny A. M. Rawickiej.<\/a><\/li>\n\n\n\n<li><a href=\"http:\/\/radiomaria.com.pl\/wp-content\/uploads\/2021\/01\/Urodziny-Mariusza.mp3\">16.01. Urodziny Mariusza.<\/a><\/li>\n\n\n\n<li><a href=\"http:\/\/radiomaria.com.pl\/wp-content\/uploads\/2021\/01\/Dzie%C5%84-Babci-i-Dzuadka.mp3\">17.01. Dzie\u0144 babci Marii i Dziadka Mariana.<\/a><\/li>\n\n\n\n<li><a href=\"http:\/\/radiomaria.com.pl\/wp-content\/uploads\/2021\/01\/Mariola.mp3\">21.01. Urodziny Marioli.<\/a><\/li>\n\n\n\n<li><a href=\"http:\/\/radiomaria.com.pl\/wp-content\/uploads\/2021\/01\/Urodziny-M.mp3\">27.01. Urodziny Ma\u0142gorzaty Buczek.<\/a><\/li>\n\n\n\n<li><a href=\"http:\/\/radiomaria.com.pl\/wp-content\/uploads\/2021\/02\/Wnuczka-i-melodia.mp3\">02.02. Dla Mamy Kasi \u2013&nbsp;Limahl \u2013 Never Ending Story<\/a>.&nbsp;<\/li>\n\n\n\n<li><a href=\"http:\/\/radiomaria.com.pl\/wp-content\/uploads\/2021\/02\/Dorotka.mp3\">06.02. Imieniny mojej \u017bony Dorotki.<\/a><\/li>\n\n\n\n<li><a href=\"http:\/\/radiomaria.com.pl\/wp-content\/uploads\/2021\/02\/Dorota-Staro\u0144.mp3\">27.02. Urodziny Pani Doroty Staro\u0144.<\/a><\/li>\n\n\n\n<li>08.03. Dzie\u0144 Kobiet&nbsp;<a href=\"http:\/\/radiomaria.com.pl\/wp-content\/uploads\/2021\/03\/Dzie%C5%84-Kobiet.mp3\">\u2013 \u017byczenia.<\/a><\/li>\n\n\n\n<li><a href=\"http:\/\/radiomaria.com.pl\/wp-content\/uploads\/2021\/03\/Podzi\u0119kowanie-za-Msz\u0119-\u015awi\u0119t\u0105.mp3\">24.03. Podzi\u0119kowanie za Msz\u0119 \u015awi\u0119t\u0105 za mojego Tat\u0119.<\/a><\/li>\n\n\n\n<li><a href=\"http:\/\/radiomaria.com.pl\/wp-content\/uploads\/2021\/03\/Pozdrowienia-dla-nauczycieli.mp3\">30.03. Pozdrowienia dla Nauczycieli.<\/a><\/li>\n\n\n\n<li>03.04. Wielkanocne \u017byczenia&nbsp;<a href=\"http:\/\/radiomaria.com.pl\/wp-content\/uploads\/2021\/04\/Wielkanocne-%C5%BCyczenia.mp3\">\u2013 pos\u0142uchaj mojego wspomnienia.<\/a><\/li>\n\n\n\n<li><a href=\"http:\/\/radiomaria.com.pl\/wp-content\/uploads\/2021\/04\/Dla-Micha\u0142a-\u017cyczenia.mp3\">18.04. \u017byczenia Urodzinowe dla Micha\u0142a.<\/a><\/li>\n\n\n\n<li>22.04. Kliknij zdj\u0119cie \u015bmiertelnie chorej Aurelli i wesprzyj.<a href=\"http:\/\/radiomaria.com.pl\/wp-content\/uploads\/2021\/04\/Dla-Dominiki.mp3\">&nbsp;Do\u0142\u0105cz si\u0119 do naszych \u017bycze\u0144 dla Dominiki.<\/a><\/li>\n\n\n\n<li><a href=\"http:\/\/radiomaria.com.pl\/wp-content\/uploads\/2021\/05\/Regina-\u017cyczenia-urodzinowe.mp3\">15.05. \u017byczenia Urodzinowe dla Pani Reginy.<\/a><\/li>\n\n\n\n<li>26.05.&nbsp;<a href=\"http:\/\/radiomaria.com.pl\/wp-content\/uploads\/2021\/05\/Dzie%C5%84-Matki.mp3\">Dzie\u0144 Matki \u2013 \u017byczenia od Radia MARIA.<\/a><\/li>\n\n\n\n<li><a href=\"http:\/\/radiomaria.com.pl\/wp-content\/uploads\/2021\/05\/Krzysztof-Cugowski.mp3\">30.05. Krzysztof Cugowski ma urodziny, (30 maja).<\/a><\/li>\n\n\n\n<li><a href=\"http:\/\/radiomaria.com.pl\/wp-content\/uploads\/2021\/05\/Karola-Puchta.mp3\">31.05. Karola Puchta &#8211; urodziny.<\/a><\/li>\n\n\n\n<li><a href=\"http:\/\/radiomaria.com.pl\/wp-content\/uploads\/2022\/06\/Dzien-Dziecka.mp3\">01.06. Dzie\u0144 Dziecka<\/a><\/li>\n\n\n\n<li><a href=\"http:\/\/radiomaria.com.pl\/wp-content\/uploads\/2021\/06\/Ania-Marzenie-na-urodziny.mp3\">19.06. Ania &#8222;Marzenie&#8221; &#8211; na urodziny.<\/a><\/li>\n\n\n\n<li><a href=\"http:\/\/radiomaria.com.pl\/wp-content\/uploads\/2021\/06\/Dla-Agaty.mp3\">20.06. Urodziny Agaty.<\/a><\/li>\n\n\n\n<li><a href=\"http:\/\/radiomaria.com.pl\/wp-content\/uploads\/2021\/06\/Dzien-Ojca.mp3\">23.06. Dzie\u0144 Ojca.<\/a><\/li>\n\n\n\n<li><a href=\"http:\/\/radiomaria.com.pl\/wp-content\/uploads\/2021\/06\/Moje-podziekowanie.mp3\">24.06. Moje podzi\u0119kowanie &#8211; za \u017byczenia.<\/a><\/li>\n\n\n\n<li><a href=\"http:\/\/radiomaria.com.pl\/wp-content\/uploads\/2021\/07\/Aniom.mp3\">26.07. Anie obchodz\u0105 imieniny &#8211; po swojemu \u017cyczymy.<\/a><\/li>\n\n\n\n<li><a href=\"http:\/\/radiomaria.com.pl\/wp-content\/uploads\/2021\/08\/Urodziny-Barbary.mp3\">11.08. Urodziny Barbary.<\/a><\/li>\n\n\n\n<li><a href=\"http:\/\/radiomaria.com.pl\/wp-content\/uploads\/2021\/10\/Dzien-Nauczyciela.mp3\">14.10. \u017byczenia dla Nauczycieli z okazji ich \u015bwi\u0119ta od Radia MARIA.<\/a><\/li>\n\n\n\n<li><a href=\"http:\/\/radiomaria.com.pl\/wp-content\/uploads\/2021\/11\/Niepodlegla.mp3\">11.11. Narodowe \u015awi\u0119to Niepodleg\u0142o\u015bci. \u017byczenia od Radia MARIA.<\/a><\/li>\n\n\n\n<li><a href=\"http:\/\/radiomaria.com.pl\/wp-content\/uploads\/2021\/12\/Dla-Grazyny.mp3\">02.12. Urodziny Gra\u017cyny.<\/a><\/li>\n\n\n\n<li><a href=\"http:\/\/radiomaria.com.pl\/wp-content\/uploads\/2021\/12\/Urodziny-Doroty.mp3\">12.12. Urodziny Doroty.<\/a><\/li>\n\n\n\n<li><a href=\"http:\/\/radiomaria.com.pl\/wp-content\/uploads\/2021\/12\/Podziekowanie-za-szczepienie-na-COVID-19a.mp3\">13.12. Podzi\u0119kowanie za zaszczepienie na COVID-19.<\/a><\/li>\n\n\n\n<li>16.12. <a href=\"http:\/\/radiomaria.com.pl\/wp-content\/uploads\/2021\/12\/Samuel-Bodnar-urodziny.mp3\">\u017byczenia Urodzinowe dla Samuela Bodnara.<\/a><\/li>\n\n\n\n<li><a href=\"http:\/\/radiomaria.com.pl\/wp-content\/uploads\/2021\/12\/Dla-Wieslawy.mp3\">25.12. Dla Wies\u0142awy.<\/a><\/li>\n<\/ul>\n\n\n\n<p><\/p>\n\n\n\n<h2 class=\"wp-block-heading\">MOJA MUZYKA<\/h2>\n\n\n\n<p>Utwory, kt\u00f3rych ja s\u0142ucham &#8211; mo\u017ce z tego co\u015b Pa\u0144stwo wybierzecie, jak swoich Przyjaci\u00f3\u0142 pozdrawia\u0107 b\u0119dziecie.<\/p>\n\n\n\n<p>Deep Purple-Child in Time<\/p>\n\n\n\n<figure class=\"wp-block-audio\"><audio controls src=\"http:\/\/radiomaria.com.pl\/wp-content\/uploads\/2021\/01\/Deep-Purple-calosc.mp3\"><\/audio><\/figure>\n\n\n\n<p>Suzi Quatro If You Can&#8217;t Give Me Love<\/p>\n\n\n\n<figure class=\"wp-block-audio\"><audio controls src=\"http:\/\/radiomaria.com.pl\/wp-content\/uploads\/2021\/01\/Suzi-Quatro-If-You-Cant-Give-Me-Love.mp3\"><\/audio><\/figure>\n\n\n\n<p><strong>Bohemian Rhapsody<\/strong> grupy Queen i &nbsp;Freddi Mercury<\/p>\n\n\n\n<figure class=\"wp-block-audio\"><audio controls src=\"http:\/\/radiomaria.com.pl\/wp-content\/uploads\/2022\/10\/Moja-Muzyka-Bohemian-Rhapsody.mp3\"><\/audio><\/figure>\n\n\n\n<p>Cie\u0144 Wielkiej G\u00f3ry i Budka Suflera<\/p>\n\n\n\n<figure class=\"wp-block-audio\"><audio controls src=\"http:\/\/radiomaria.com.pl\/wp-content\/uploads\/2022\/10\/Moja-muzyka-\u2013-Cien-wielkiej-gory-Budki-Suflera.mp3\"><\/audio><\/figure>\n\n\n\n<p><strong>Pink Floyd &#8212; The Wall<\/strong><\/p>\n\n\n\n<figure class=\"wp-block-audio\"><audio controls src=\"http:\/\/radiomaria.com.pl\/wp-content\/uploads\/2022\/11\/Moja-Muzyka-The-Wall-grupy-Pink-Floyd.mp3\"><\/audio><\/figure>\n\n\n\n<p>Katarzyna Gertner i Ernest Bryl; Zagrajcie nam Wszystkie srebrne dzwony, (fragment).<\/p>\n\n\n\n<figure class=\"wp-block-audio\"><audio controls src=\"http:\/\/radiomaria.com.pl\/wp-content\/uploads\/2022\/11\/Moja-muzyka-Zagrajcie-nam.mp3\"><\/audio><\/figure>\n\n\n\n<p><strong>The Dark Side of the Moon<\/strong>&nbsp;\u2013 ciemna strona ksi\u0119\u017cyca <a href=\"https:\/\/pl.wikipedia.org\/wiki\/Pink_Floyd\">Pink Floyd<\/a><\/p>\n\n\n\n<figure class=\"wp-block-audio\"><audio controls src=\"http:\/\/radiomaria.com.pl\/wp-content\/uploads\/2023\/03\/Moja-muzyka-The-Dark-Side-of-the-Moon.mp3\"><\/audio><\/figure>\n","protected":false},"excerpt":{"rendered":"<p>\u017bYCZENIA I POZDROWIENIA<\/p>\n","protected":false},"author":1,"featured_media":2676,"comment_status":"open","ping_status":"open","sticky":false,"template":"","format":"standard","meta":{"footnotes":""},"categories":[1],"tags":[19,37,20],"class_list":["post-1382","post","type-post","status-publish","format-standard","has-post-thumbnail","hentry","category-bez-kategorii","tag-pozdrowienia","tag-pozdrowienie-na-antenie-radia-maria","tag-zyczenia"],"_links":{"self":[{"href":"http:\/\/radiomaria.com.pl\/index.php?rest_route=\/wp\/v2\/posts\/1382","targetHints":{"allow":["GET"]}}],"collection":[{"href":"http:\/\/radiomaria.com.pl\/index.php?rest_route=\/wp\/v2\/posts"}],"about":[{"href":"http:\/\/radiomaria.com.pl\/index.php?rest_route=\/wp\/v2\/types\/post"}],"author":[{"embeddable":true,"href":"http:\/\/radiomaria.com.pl\/index.php?rest_route=\/wp\/v2\/users\/1"}],"replies":[{"embeddable":true,"href":"http:\/\/radiomaria.com.pl\/index.php?rest_route=%2Fwp%2Fv2%2Fcomments&post=1382"}],"version-history":[{"count":150,"href":"http:\/\/radiomaria.com.pl\/index.php?rest_route=\/wp\/v2\/posts\/1382\/revisions"}],"predecessor-version":[{"id":18738,"href":"http:\/\/radiomaria.com.pl\/index.php?rest_route=\/wp\/v2\/posts\/1382\/revisions\/18738"}],"wp:featuredmedia":[{"embeddable":true,"href":"http:\/\/radiomaria.com.pl\/index.php?rest_route=\/wp\/v2\/media\/2676"}],"wp:attachment":[{"href":"http:\/\/radiomaria.com.pl\/index.php?rest_route=%2Fwp%2Fv2%2Fmedia&parent=1382"}],"wp:term":[{"taxonomy":"category","embeddable":true,"href":"http:\/\/radiomaria.com.pl\/index.php?rest_route=%2Fwp%2Fv2%2Fcategories&post=1382"},{"taxonomy":"post_tag","embeddable":true,"href":"http:\/\/radiomaria.com.pl\/index.php?rest_route=%2Fwp%2Fv2%2Ftags&post=1382"}],"curies":[{"name":"wp","href":"https:\/\/api.w.org\/{rel}","templated":true}]}}